{"id":16741,"date":"2023-07-25T11:30:26","date_gmt":"2023-07-25T10:30:26","guid":{"rendered":"https:\/\/www.worldpolicyconference.com\/?p=16741"},"modified":"2026-04-16T22:35:38","modified_gmt":"2026-04-16T21:35:38","slug":"domitille-legrand","status":"publish","type":"post","link":"https:\/\/www.worldpolicyconference.com\/fr\/domitille-legrand\/","title":{"rendered":"Domitille Legrand"},"content":{"rendered":"<p><\/p>\n<p style=\"text-align: justify;\"><span style=\"font-weight: 400;\">Directrice de projets \u00e9conomie de la donn\u00e9e \u00e0 la Direction g\u00e9n\u00e9rale des entreprises, ancienne responsable du service \u00e9conomique r\u00e9gional de Bourgogne Franche-Comt\u00e9. Elle a travaill\u00e9 dans diverses organisations, entreprises et think tanks en Europe (Allemagne, Angleterre), en Asie du Sud-Est (Singapour) et en Nouvelle Cal\u00e9donie, sur des th\u00e9matiques \u00e9nerg\u00e9tiques, industrielles, de ressources et num\u00e9riques. Elle a en outre particip\u00e9 au <em>World Material Forum<\/em> en tant que <em>Below 25. <\/em>Dans le cadre de ses \u00e9tudes, elle a r\u00e9dig\u00e9 un rapport \u00e0 destination du minist\u00e8re de l&rsquo;\u00c9conomie, des Finances et de la Souverainet\u00e9 industrielle et num\u00e9rique de la France en 2023 sur la r\u00e9industrialisation en France. Elle est ing\u00e9nieure du Corps des mines.<\/span><\/p>\n<p><\/p>","protected":false},"excerpt":{"rendered":"<p>Directrice de projets \u00e9conomie de la donn\u00e9e \u00e0 la Direction g\u00e9n\u00e9rale des entreprises, ancienne responsable du service \u00e9conomique r\u00e9gional de Bourgogne Franche-Comt\u00e9. Elle a travaill\u00e9 dans diverses organisations, entreprises et<\/p>\n","protected":false},"author":3,"featured_media":16742,"comment_status":"closed","ping_status":"closed","sticky":false,"template":"","format":"standard","meta":{"footnotes":""},"categories":[8],"tags":[154,157],"class_list":["post-16741","post","type-post","status-publish","format-standard","has-post-thumbnail","hentry","category-invited-guests","tag-154","tag-157"],"_links":{"self":[{"href":"https:\/\/www.worldpolicyconference.com\/fr\/wp-json\/wp\/v2\/posts\/16741","targetHints":{"allow":["GET"]}}],"collection":[{"href":"https:\/\/www.worldpolicyconference.com\/fr\/wp-json\/wp\/v2\/posts"}],"about":[{"href":"https:\/\/www.worldpolicyconference.com\/fr\/wp-json\/wp\/v2\/types\/post"}],"author":[{"embeddable":true,"href":"https:\/\/www.worldpolicyconference.com\/fr\/wp-json\/wp\/v2\/users\/3"}],"replies":[{"embeddable":true,"href":"https:\/\/www.worldpolicyconference.com\/fr\/wp-json\/wp\/v2\/comments?post=16741"}],"version-history":[{"count":0,"href":"https:\/\/www.worldpolicyconference.com\/fr\/wp-json\/wp\/v2\/posts\/16741\/revisions"}],"wp:featuredmedia":[{"embeddable":true,"href":"https:\/\/www.worldpolicyconference.com\/fr\/wp-json\/wp\/v2\/media\/16742"}],"wp:attachment":[{"href":"https:\/\/www.worldpolicyconference.com\/fr\/wp-json\/wp\/v2\/media?parent=16741"}],"wp:term":[{"taxonomy":"category","embeddable":true,"href":"https:\/\/www.worldpolicyconference.com\/fr\/wp-json\/wp\/v2\/categories?post=16741"},{"taxonomy":"post_tag","embeddable":true,"href":"https:\/\/www.worldpolicyconference.com\/fr\/wp-json\/wp\/v2\/tags?post=16741"}],"curies":[{"name":"wp","href":"https:\/\/api.w.org\/{rel}","templated":true}]}}