{"id":16775,"date":"2023-08-23T09:58:21","date_gmt":"2023-08-23T08:58:21","guid":{"rendered":"https:\/\/www.worldpolicyconference.com\/?p=16775"},"modified":"2023-08-23T09:58:21","modified_gmt":"2023-08-23T08:58:21","slug":"washington-tokyo-et-seoul-font-bloc-face-a-la-chine-et-la-coree-du-nord","status":"publish","type":"post","link":"https:\/\/www.worldpolicyconference.com\/fr\/washington-tokyo-et-seoul-font-bloc-face-a-la-chine-et-la-coree-du-nord\/","title":{"rendered":"Washington, Tokyo et S\u00e9oul font bloc face \u00e0 la Chine et la Cor\u00e9e du Nord"},"content":{"rendered":"<p>ARTICLE \u2013 Face \u00e0 la Chine et la Cor\u00e9e du Nord, Joe Biden a voulu formaliser, vendredi \u00e0 Camp David, une entente s\u00e9curitaire avec ses homologues japonais et sud-cor\u00e9en, profitant de leur rapprochement r\u00e9cent.<\/p>\n<p>&nbsp;<\/p>\n<p class=\"sc-14kwckt-6 gNQWaV\">D\u00e9cid\u00e9e au printemps dernier lors du\u00a0G7 \u00e0 Hiroshima,\u00a0la rencontre au sommet organis\u00e9e vendredi \u00e0 Camp David par Joe Biden avec le pr\u00e9sident de Cor\u00e9e du Sud et le Premier ministre japonais a confort\u00e9 une relation trilat\u00e9rale devenue pour chacun indispensable, face aux menaces s\u00e9curitaires et \u00e9conomiques pos\u00e9es par la Chine et la Cor\u00e9e du Nord.<\/p>\n<p class=\"sc-14kwckt-6 gNQWaV\">La rencontre &#8211;\u00a0premier sommet entre les trois dirigeants, et la premi\u00e8re invitation \u00e0 Camp David faite \u00e0 des leaders \u00e9trangers par Joe Biden\u00a0&#8211; s&rsquo;est concr\u00e9tis\u00e9e par des mesures s\u00e9curitaires, \u00e9conomiques et formalise un rapprochement que Washington esp\u00e8re grav\u00e9 dans le marbre.<\/p>\n<h3 class=\"sc-14kwckt-2 iYpSVF sc-14kwckt-6 sc-e6tq38-0 sc-1ljfev-0 gNQWaV folWNd fPxsOc\">R\u00e9chauffement ostensible<\/h3>\n<p class=\"sc-14kwckt-6 gNQWaV\">Concr\u00e8tement, ils ont d\u00e9cid\u00e9 d&rsquo;un sommet trilat\u00e9ral annuel et ont promis de se consulter sur tous \u00ab\u00a0les d\u00e9fis, provocations et menaces qui affectent nos int\u00e9r\u00eats collectifs et notre s\u00e9curit\u00e9\u00a0\u00bb. Ils vont mettre en place une liaison de communication d&rsquo;urgence entre les trois ex\u00e9cutifs, partager davantage d&rsquo;intelligence militaire, multiplier les exercices militaires communs ou encore partager les donn\u00e9es en temps r\u00e9els sur les tirs de missile de la Cor\u00e9e du Nord. Ils se sont \u00e9galement accord\u00e9s sur des m\u00e9canismes d&rsquo;alerte pour mieux contr\u00f4ler la s\u00e9curit\u00e9 des cha\u00eenes d&rsquo;approvisionnement dans la r\u00e9gion.<\/p>\n<p class=\"sc-14kwckt-6 gNQWaV\">\u00ab Il y a eu un r\u00e9chauffement ostensible des relations entre la Cor\u00e9e du Sud et le Japon depuis l&rsquo;\u00e9lection du Pr\u00e9sident Yoon et en particulier depuis le printemps. Les Am\u00e9ricains veulent capitaliser l\u00e0-dessus. Ils ont fait des efforts en coulisses pour les rapprocher discr\u00e8tement depuis des ann\u00e9es \u00bb, note Jean-Yves Colin, expert Asie du Nord du Asia Centre.<\/p>\n<p class=\"sc-14kwckt-6 gNQWaV\">Depuis quelques mois, les signes d&rsquo;ouverture sont manifestes. Ils ont \u00e9t\u00e9 initi\u00e9s par le pr\u00e9sident Yoon Suk-yeol, qui a d\u00e9cid\u00e9 de r\u00e9gler les diff\u00e9rends historiques avec Tokyo. En commen\u00e7ant par d\u00e9dommager les travailleurs cor\u00e9ens qui avaient \u00e9t\u00e9 forc\u00e9s de travailler pour le Japon \u00e0 l&rsquo;\u00e9poque de la colonisation.<\/p>\n<p class=\"sc-14kwckt-6 gNQWaV\">De son c\u00f4t\u00e9, le Japon a lev\u00e9 des restrictions \u00e0 l&rsquo;export de mat\u00e9riaux pour les semi-conducteurs vers la Cor\u00e9e du Sud. Le pr\u00e9sident sud-cor\u00e9en s&rsquo;est rendu \u00e0 Tokyo, tandis que le Premier ministre japonais a \u00e9t\u00e9 accueilli \u00e0 S\u00e9oul. Et lors des c\u00e9l\u00e9brations en m\u00e9moire de la fin de l&rsquo;\u00e9poque coloniale japonaise, le 18\u00a0ao\u00fbt, le pr\u00e9sident sud-cor\u00e9en a insist\u00e9 longuement sur le partage de valeurs communes avec le Japon.<\/p>\n<p>[&#8230;]<\/p>\n<p>Retrouvez l&rsquo;article complet \u00e9crit par Virginie Robert dans <a href=\"https:\/\/www.lesechos.fr\/monde\/enjeux-internationaux\/a-camp-david-un-pacte-trilateral-uni-washington-tokyo-et-seoul-1970997\">Les Echos<\/a>.<\/p>\n<div class=\"sc-jzxvkd-0 eYosNF\">\n<div id=\"custom-gpt-LESECHOS_WEB\/MONDE\/ENJEUX-INTERNATIONAUX\/ARTICLE\/INREAD-1\" class=\"sc-jzxvkd-1 fuxzXE\" data-google-query-id=\"CODU9r208oADFYxz0wodq_UNjw\"><\/div>\n<\/div>\n<p><\/p>","protected":false},"excerpt":{"rendered":"<p>ARTICLE \u2013 Face \u00e0 la Chine et la Cor\u00e9e du Nord, Joe Biden a voulu formaliser, vendredi \u00e0 Camp David, une entente s\u00e9curitaire avec ses homologues japonais et sud-cor\u00e9en, profitant<\/p>\n","protected":false},"author":3,"featured_media":7563,"comment_status":"closed","ping_status":"closed","sticky":false,"template":"","format":"standard","meta":{"footnotes":""},"categories":[23],"tags":[154],"class_list":["post-16775","post","type-post","status-publish","format-standard","has-post-thumbnail","hentry","category-news-room","tag-154"],"_links":{"self":[{"href":"https:\/\/www.worldpolicyconference.com\/fr\/wp-json\/wp\/v2\/posts\/16775","targetHints":{"allow":["GET"]}}],"collection":[{"href":"https:\/\/www.worldpolicyconference.com\/fr\/wp-json\/wp\/v2\/posts"}],"about":[{"href":"https:\/\/www.worldpolicyconference.com\/fr\/wp-json\/wp\/v2\/types\/post"}],"author":[{"embeddable":true,"href":"https:\/\/www.worldpolicyconference.com\/fr\/wp-json\/wp\/v2\/users\/3"}],"replies":[{"embeddable":true,"href":"https:\/\/www.worldpolicyconference.com\/fr\/wp-json\/wp\/v2\/comments?post=16775"}],"version-history":[{"count":0,"href":"https:\/\/www.worldpolicyconference.com\/fr\/wp-json\/wp\/v2\/posts\/16775\/revisions"}],"wp:featuredmedia":[{"embeddable":true,"href":"https:\/\/www.worldpolicyconference.com\/fr\/wp-json\/wp\/v2\/media\/7563"}],"wp:attachment":[{"href":"https:\/\/www.worldpolicyconference.com\/fr\/wp-json\/wp\/v2\/media?parent=16775"}],"wp:term":[{"taxonomy":"category","embeddable":true,"href":"https:\/\/www.worldpolicyconference.com\/fr\/wp-json\/wp\/v2\/categories?post=16775"},{"taxonomy":"post_tag","embeddable":true,"href":"https:\/\/www.worldpolicyconference.com\/fr\/wp-json\/wp\/v2\/tags?post=16775"}],"curies":[{"name":"wp","href":"https:\/\/api.w.org\/{rel}","templated":true}]}}