{"id":17679,"date":"2025-01-21T09:50:55","date_gmt":"2025-01-21T08:50:55","guid":{"rendered":"https:\/\/www.worldpolicyconference.com\/?p=17679"},"modified":"2025-01-23T17:23:01","modified_gmt":"2025-01-23T16:23:01","slug":"17-edition-wpc-se-tiendra-du-13-au-15-decembre-2024","status":"publish","type":"post","link":"https:\/\/www.worldpolicyconference.com\/fr\/17-edition-wpc-se-tiendra-du-13-au-15-decembre-2024\/","title":{"rendered":"La 17e \u00e9dition de la World Policy Conference se tiendra du 13 au 15 d\u00e9cembre 2024 \u00e0 Abou Dhabi"},"content":{"rendered":"<p><a href=\"https:\/\/www.worldpolicyconference.com\/wp-content\/uploads\/2025\/01\/Bulletin_quotidien-logo-par-remy-peignot.png\"><img decoding=\"async\" class=\"alignnone size-full wp-image-15681\" src=\"https:\/\/www.worldpolicyconference.com\/wp-content\/uploads\/2025\/01\/Bulletin_quotidien-logo-par-remy-peignot.png\" alt=\"\" width=\"220\" height=\"52\" \/><\/a><\/p>\n<p>11.12.2024<\/p>\n<p>La 17e \u00e9dition de la World Policy Conference se tiendra du 13 au 15 d\u00e9cembre 2024 \u00e0 Abou Dhabi<\/p>\n<p>Fond\u00e9e en 2008 et pr\u00e9sid\u00e9e par M. Thierry de Montbrial, pr\u00e9sident de l&rsquo;Institut fran\u00e7ais des relations internationales (Ifri), la World Policy Conference (WPC) tiendra sa dix-septi\u00e8me \u00e9dition du 11 au 15 d\u00e9cembre 2024 \u00e0 Abou Dhabi aux \u00c9mirats arabes unis.<\/p>\n<p>La WPC offre un espace de r\u00e9flexion et de dialogue autour des grands enjeux de la gouvernance mondiale, tout en permettant \u00e0 ses participants de d\u00e9velopper des liens durables. Elle rassemble des personnalit\u00e9s de haut niveau, originaire des cinq continents &#8211; dirigeants politiques et \u00e9conomiques, chercheurs et journalistes &#8211; assurant ainsi une diversit\u00e9 et une pluralit\u00e9 des d\u00e9bats.<\/p>\n<p>De nombreuses personnalit\u00e9s \u00e0 la WPC<\/p>\n<p>[&#8230;]<\/p>\n<p>Retrouvez l&rsquo;article en entier sur <a href=\"https:\/\/www.bulletinquotidien.fr\/2024-12-11\">Bulletin quotidien<\/a>.<\/p>","protected":false},"excerpt":{"rendered":"<p>11.12.2024 La 17e \u00e9dition de la World Policy Conference se tiendra du 13 au 15 d\u00e9cembre 2024 \u00e0 Abou Dhabi Fond\u00e9e en 2008 et pr\u00e9sid\u00e9e par M. Thierry de Montbrial,<\/p>\n","protected":false},"author":3,"featured_media":0,"comment_status":"closed","ping_status":"closed","sticky":false,"template":"","format":"standard","meta":{"footnotes":""},"categories":[4],"tags":[155],"class_list":["post-17679","post","type-post","status-publish","format-standard","hentry","category-press-review","tag-155"],"_links":{"self":[{"href":"https:\/\/www.worldpolicyconference.com\/fr\/wp-json\/wp\/v2\/posts\/17679","targetHints":{"allow":["GET"]}}],"collection":[{"href":"https:\/\/www.worldpolicyconference.com\/fr\/wp-json\/wp\/v2\/posts"}],"about":[{"href":"https:\/\/www.worldpolicyconference.com\/fr\/wp-json\/wp\/v2\/types\/post"}],"author":[{"embeddable":true,"href":"https:\/\/www.worldpolicyconference.com\/fr\/wp-json\/wp\/v2\/users\/3"}],"replies":[{"embeddable":true,"href":"https:\/\/www.worldpolicyconference.com\/fr\/wp-json\/wp\/v2\/comments?post=17679"}],"version-history":[{"count":0,"href":"https:\/\/www.worldpolicyconference.com\/fr\/wp-json\/wp\/v2\/posts\/17679\/revisions"}],"wp:attachment":[{"href":"https:\/\/www.worldpolicyconference.com\/fr\/wp-json\/wp\/v2\/media?parent=17679"}],"wp:term":[{"taxonomy":"category","embeddable":true,"href":"https:\/\/www.worldpolicyconference.com\/fr\/wp-json\/wp\/v2\/categories?post=17679"},{"taxonomy":"post_tag","embeddable":true,"href":"https:\/\/www.worldpolicyconference.com\/fr\/wp-json\/wp\/v2\/tags?post=17679"}],"curies":[{"name":"wp","href":"https:\/\/api.w.org\/{rel}","templated":true}]}}