{"id":18049,"date":"2026-04-21T16:15:42","date_gmt":"2026-04-21T15:15:42","guid":{"rendered":"https:\/\/www.worldpolicyconference.com\/?p=18049"},"modified":"2026-04-21T16:15:46","modified_gmt":"2026-04-21T15:15:46","slug":"jean-christophe-bas-2","status":"publish","type":"post","link":"https:\/\/www.worldpolicyconference.com\/fr\/jean-christophe-bas-2\/","title":{"rendered":"Jean-Christophe Bas"},"content":{"rendered":"<p><\/p>\n<p style=\"text-align: justify;\"><span style=\"font-weight: 400;\">Jean-Christophe Bas est vice-pr\u00e9sident de l\u2019Aspen Institute France ; il est le fondateur et directeur g\u00e9n\u00e9ral de The Global Compass et professeur \u00e0 l\u2019IRIS. De 1999 \u00e0 2008, il a \u00e9t\u00e9 responsable du dialogue strat\u00e9gique \u00e0 la Banque mondiale, en charge de l\u2019engagement strat\u00e9gique et du dialogue politique avec les principales parties prenantes, d\u00e9cideurs publics, universitaires et leaders d\u2019opinion. De 2008 \u00e0 2014, il a exerc\u00e9 au sein de l\u2019Alliance des civilisations des Nations unies \u00e0 New York en tant que responsable du d\u00e9veloppement strat\u00e9gique et des partenariats. Il a ensuite \u00e9t\u00e9 directeur de la citoyennet\u00e9 d\u00e9mocratique et de la participation au Conseil de l\u2019Europe, dirigeant une \u00e9quipe de 160 personnes d\u00e9di\u00e9e \u00e0 la promotion de la participation d\u00e9mocratique et de la citoyennet\u00e9, ainsi qu\u2019\u00e0 la compr\u00e9hension et \u00e0 la coop\u00e9ration interculturelles. De 2018 \u00e0 2020, il a \u00e9t\u00e9 directeur g\u00e9n\u00e9ral et pr\u00e9sident du conseil ex\u00e9cutif du Dialogue of Civilizations Institute \u00e0 Berlin. Il est l\u2019auteur de <em>Europe \u00e0 la carte<\/em>, un ouvrage de r\u00e9flexion sur l\u2019identit\u00e9 europ\u00e9enne. Il est \u00e9galement l\u2019auteur de <em>Andr\u00e9 Bas, combats pour l\u2019Entente<\/em>. Il contribue r\u00e9guli\u00e8rement par des analyses sur les affaires internationales dans de grands m\u00e9dias tels que Euronews, EU Reporter, Valeurs actuelles, L\u2019Opinion, CCTV, TRT et Bastille Magazine.<\/span><\/p>\n<p><\/p>","protected":false},"excerpt":{"rendered":"<p>Jean-Christophe Bas est vice-pr\u00e9sident de l\u2019Aspen Institute France ; il est le fondateur et directeur g\u00e9n\u00e9ral de The Global Compass et professeur \u00e0 l\u2019IRIS. De 1999 \u00e0 2008, il a<\/p>\n","protected":false},"author":3,"featured_media":18050,"comment_status":"closed","ping_status":"open","sticky":false,"template":"","format":"standard","meta":{"footnotes":""},"categories":[8],"tags":[157],"class_list":["post-18049","post","type-post","status-publish","format-standard","has-post-thumbnail","hentry","category-invited-guests","tag-157"],"_links":{"self":[{"href":"https:\/\/www.worldpolicyconference.com\/fr\/wp-json\/wp\/v2\/posts\/18049","targetHints":{"allow":["GET"]}}],"collection":[{"href":"https:\/\/www.worldpolicyconference.com\/fr\/wp-json\/wp\/v2\/posts"}],"about":[{"href":"https:\/\/www.worldpolicyconference.com\/fr\/wp-json\/wp\/v2\/types\/post"}],"author":[{"embeddable":true,"href":"https:\/\/www.worldpolicyconference.com\/fr\/wp-json\/wp\/v2\/users\/3"}],"replies":[{"embeddable":true,"href":"https:\/\/www.worldpolicyconference.com\/fr\/wp-json\/wp\/v2\/comments?post=18049"}],"version-history":[{"count":0,"href":"https:\/\/www.worldpolicyconference.com\/fr\/wp-json\/wp\/v2\/posts\/18049\/revisions"}],"wp:featuredmedia":[{"embeddable":true,"href":"https:\/\/www.worldpolicyconference.com\/fr\/wp-json\/wp\/v2\/media\/18050"}],"wp:attachment":[{"href":"https:\/\/www.worldpolicyconference.com\/fr\/wp-json\/wp\/v2\/media?parent=18049"}],"wp:term":[{"taxonomy":"category","embeddable":true,"href":"https:\/\/www.worldpolicyconference.com\/fr\/wp-json\/wp\/v2\/categories?post=18049"},{"taxonomy":"post_tag","embeddable":true,"href":"https:\/\/www.worldpolicyconference.com\/fr\/wp-json\/wp\/v2\/tags?post=18049"}],"curies":[{"name":"wp","href":"https:\/\/api.w.org\/{rel}","templated":true}]}}