{"id":1866,"date":"2013-12-15T00:00:00","date_gmt":"2013-12-14T23:00:00","guid":{"rendered":"http:\/\/www.worldpolicyconference.com\/ministrul-afacerilor-externe-titus-corlatean-a-participat-la-world-policy-conference\/"},"modified":"2013-12-15T00:00:00","modified_gmt":"2013-12-14T23:00:00","slug":"ministrul-afacerilor-externe-titus-corlatean-a-participat-la-world-policy-conference","status":"publish","type":"post","link":"https:\/\/www.worldpolicyconference.com\/fr\/ministrul-afacerilor-externe-titus-corlatean-a-participat-la-world-policy-conference\/","title":{"rendered":"Ministrul afacerilor externe, Titus Corl\u0103\u0163ean, a participat la World Policy Conference"},"content":{"rendered":"<p style=\"text-align: justify;\">Ministrul afacerilor externe, Titus Corl\u0103\u0163ean, a participat, &icirc;n zilele de 14 \u015fi 15 decembrie, la cea de-a \u015fasea edi\u0163ie a World Policy Conference (WPC), organizat\u0103 de Institutul Francez pentru Rela\u0163ii Interna\u0163ionale (IFRI) la Monaco, se men\u0163ioneaz\u0103 &icirc;ntr-un comunicat de pres\u0103 al Ministerului Afacerilor Externe (MAE). [&#8230;]<\/p>\n","protected":false},"excerpt":{"rendered":"<p>Ministrul afacerilor externe, Titus Corl\u0103\u0163ean, a participat, &icirc;n zilele de 14 \u015fi 15 decembrie, la cea de-a \u015fasea edi\u0163ie a World Policy Conference (WPC), organizat\u0103 de Institutul Francez pentru Rela\u0163ii<\/p>\n","protected":false},"author":1,"featured_media":0,"comment_status":"closed","ping_status":"open","sticky":false,"template":"","format":"standard","meta":{"footnotes":""},"categories":[4],"tags":[10],"class_list":["post-1866","post","type-post","status-publish","format-standard","hentry","category-press-review","tag-10"],"_links":{"self":[{"href":"https:\/\/www.worldpolicyconference.com\/fr\/wp-json\/wp\/v2\/posts\/1866","targetHints":{"allow":["GET"]}}],"collection":[{"href":"https:\/\/www.worldpolicyconference.com\/fr\/wp-json\/wp\/v2\/posts"}],"about":[{"href":"https:\/\/www.worldpolicyconference.com\/fr\/wp-json\/wp\/v2\/types\/post"}],"author":[{"embeddable":true,"href":"https:\/\/www.worldpolicyconference.com\/fr\/wp-json\/wp\/v2\/users\/1"}],"replies":[{"embeddable":true,"href":"https:\/\/www.worldpolicyconference.com\/fr\/wp-json\/wp\/v2\/comments?post=1866"}],"version-history":[{"count":0,"href":"https:\/\/www.worldpolicyconference.com\/fr\/wp-json\/wp\/v2\/posts\/1866\/revisions"}],"wp:attachment":[{"href":"https:\/\/www.worldpolicyconference.com\/fr\/wp-json\/wp\/v2\/media?parent=1866"}],"wp:term":[{"taxonomy":"category","embeddable":true,"href":"https:\/\/www.worldpolicyconference.com\/fr\/wp-json\/wp\/v2\/categories?post=1866"},{"taxonomy":"post_tag","embeddable":true,"href":"https:\/\/www.worldpolicyconference.com\/fr\/wp-json\/wp\/v2\/tags?post=1866"}],"curies":[{"name":"wp","href":"https:\/\/api.w.org\/{rel}","templated":true}]}}