{"id":1867,"date":"2013-12-13T00:00:00","date_gmt":"2013-12-12T23:00:00","guid":{"rendered":"http:\/\/www.worldpolicyconference.com\/catalin-predoiu-participa-la-world-policy-conference\/"},"modified":"2013-12-13T00:00:00","modified_gmt":"2013-12-12T23:00:00","slug":"catalin-predoiu-participa-la-world-policy-conference","status":"publish","type":"post","link":"https:\/\/www.worldpolicyconference.com\/fr\/catalin-predoiu-participa-la-world-policy-conference\/","title":{"rendered":"C\u0103t\u0103lin Predoiu particip\u0103 la World Policy Conference"},"content":{"rendered":"<p style=\"text-align: justify;\">[&#8230;] Fondatorul \u015fi pre\u015fedintele World Policy Conference este Thierry de Montbrial, unul dintre cei mai importan\u0163i lideri europeni ai grupului Bilderberg \u015fi totodat\u0103 pre\u015fedintele Institutului Francez de Rela\u0163ii Interna\u0163ionale. Acesta a fost prezent \u015fi la Bucure\u015fti &icirc;n luna octombrie a acestui an, c&acirc;nd a avut o serie de &icirc;ntrevederi cu prim-vicepre\u015fedintele PDL, C\u0103t\u0103lin Predoiu, cu Guvernatorul BNR, Mugur Is\u0103rescu, prim-ministrul Victor Ponta, precum \u015fi cu alte personalit\u0103\u0163i din domeniul politic, economic \u015fi cultural. [&#8230;]<\/p>\n","protected":false},"excerpt":{"rendered":"<p>[&#8230;] Fondatorul \u015fi pre\u015fedintele World Policy Conference este Thierry de Montbrial, unul dintre cei mai importan\u0163i lideri europeni ai grupului Bilderberg \u015fi totodat\u0103 pre\u015fedintele Institutului Francez de Rela\u0163ii Interna\u0163ionale. Acesta<\/p>\n","protected":false},"author":1,"featured_media":0,"comment_status":"closed","ping_status":"open","sticky":false,"template":"","format":"standard","meta":{"footnotes":""},"categories":[4],"tags":[10],"class_list":["post-1867","post","type-post","status-publish","format-standard","hentry","category-press-review","tag-10"],"_links":{"self":[{"href":"https:\/\/www.worldpolicyconference.com\/fr\/wp-json\/wp\/v2\/posts\/1867","targetHints":{"allow":["GET"]}}],"collection":[{"href":"https:\/\/www.worldpolicyconference.com\/fr\/wp-json\/wp\/v2\/posts"}],"about":[{"href":"https:\/\/www.worldpolicyconference.com\/fr\/wp-json\/wp\/v2\/types\/post"}],"author":[{"embeddable":true,"href":"https:\/\/www.worldpolicyconference.com\/fr\/wp-json\/wp\/v2\/users\/1"}],"replies":[{"embeddable":true,"href":"https:\/\/www.worldpolicyconference.com\/fr\/wp-json\/wp\/v2\/comments?post=1867"}],"version-history":[{"count":0,"href":"https:\/\/www.worldpolicyconference.com\/fr\/wp-json\/wp\/v2\/posts\/1867\/revisions"}],"wp:attachment":[{"href":"https:\/\/www.worldpolicyconference.com\/fr\/wp-json\/wp\/v2\/media?parent=1867"}],"wp:term":[{"taxonomy":"category","embeddable":true,"href":"https:\/\/www.worldpolicyconference.com\/fr\/wp-json\/wp\/v2\/categories?post=1867"},{"taxonomy":"post_tag","embeddable":true,"href":"https:\/\/www.worldpolicyconference.com\/fr\/wp-json\/wp\/v2\/tags?post=1867"}],"curies":[{"name":"wp","href":"https:\/\/api.w.org\/{rel}","templated":true}]}}