{"id":1884,"date":"2013-12-17T00:00:00","date_gmt":"2013-12-16T23:00:00","guid":{"rendered":"http:\/\/www.worldpolicyconference.com\/fransa-suriye-konferansi-iin-ktmser\/"},"modified":"2013-12-17T00:00:00","modified_gmt":"2013-12-16T23:00:00","slug":"fransa-suriye-konferansi-iin-ktmser","status":"publish","type":"post","link":"https:\/\/www.worldpolicyconference.com\/fr\/fransa-suriye-konferansi-iin-ktmser\/","title":{"rendered":"Fransa Suriye Konferans\u0131 \u0130&ccedil;in K&ouml;t&uuml;mser"},"content":{"rendered":"<p style=\"text-align: justify;\">[&#8230;] Fransa&rsquo;n\u0131n g&uuml;neyinde, Monaco&rsquo;da d&uuml;zenlenen D&uuml;nya Politika Konferans\u0131 (World Policy Conference)&rsquo;nda konu\u015fan Fabius, Suriye&rsquo;deki son durumu yans\u0131tan &ouml;nemli a&ccedil;\u0131klamalarda bulundu. El Nusra ile Irak ve \u015eam \u0130slam Devleti (ISID)&rsquo;in d\u0131\u015f\u0131ndaki silahl\u0131 cihat&ccedil;\u0131 gruplar\u0131n &ouml;rg&uuml;tlendi\u011fi \u0130slami Cephe, muhalifler i&ccedil;inde &uuml;st&uuml;nl&uuml;\u011f&uuml; kazan\u0131rken, muhaliflerin silahl\u0131 &ouml;rg&uuml;t&uuml; &Ouml;zg&uuml;r Suriye Ordusu (&Ouml;SO) lideri Selim \u0130dris ile 3 komutan\u0131n\u0131n T&uuml;rkiye&rsquo;den Katar&rsquo;a, oradan da yeniden \u0130stanbul&rsquo;a uzanan ka&ccedil;\u0131\u015flar\u0131 krizin dengelerini t&uuml;m&uuml;yle de\u011fi\u015ftirdi. [&#8230;]<\/p>\n","protected":false},"excerpt":{"rendered":"<p>[&#8230;] Fransa&rsquo;n\u0131n g&uuml;neyinde, Monaco&rsquo;da d&uuml;zenlenen D&uuml;nya Politika Konferans\u0131 (World Policy Conference)&rsquo;nda konu\u015fan Fabius, Suriye&rsquo;deki son durumu yans\u0131tan &ouml;nemli a&ccedil;\u0131klamalarda bulundu. El Nusra ile Irak ve \u015eam \u0130slam Devleti (ISID)&rsquo;in d\u0131\u015f\u0131ndaki<\/p>\n","protected":false},"author":1,"featured_media":0,"comment_status":"closed","ping_status":"open","sticky":false,"template":"","format":"standard","meta":{"footnotes":""},"categories":[4],"tags":[10],"class_list":["post-1884","post","type-post","status-publish","format-standard","hentry","category-press-review","tag-10"],"_links":{"self":[{"href":"https:\/\/www.worldpolicyconference.com\/fr\/wp-json\/wp\/v2\/posts\/1884","targetHints":{"allow":["GET"]}}],"collection":[{"href":"https:\/\/www.worldpolicyconference.com\/fr\/wp-json\/wp\/v2\/posts"}],"about":[{"href":"https:\/\/www.worldpolicyconference.com\/fr\/wp-json\/wp\/v2\/types\/post"}],"author":[{"embeddable":true,"href":"https:\/\/www.worldpolicyconference.com\/fr\/wp-json\/wp\/v2\/users\/1"}],"replies":[{"embeddable":true,"href":"https:\/\/www.worldpolicyconference.com\/fr\/wp-json\/wp\/v2\/comments?post=1884"}],"version-history":[{"count":0,"href":"https:\/\/www.worldpolicyconference.com\/fr\/wp-json\/wp\/v2\/posts\/1884\/revisions"}],"wp:attachment":[{"href":"https:\/\/www.worldpolicyconference.com\/fr\/wp-json\/wp\/v2\/media?parent=1884"}],"wp:term":[{"taxonomy":"category","embeddable":true,"href":"https:\/\/www.worldpolicyconference.com\/fr\/wp-json\/wp\/v2\/categories?post=1884"},{"taxonomy":"post_tag","embeddable":true,"href":"https:\/\/www.worldpolicyconference.com\/fr\/wp-json\/wp\/v2\/tags?post=1884"}],"curies":[{"name":"wp","href":"https:\/\/api.w.org\/{rel}","templated":true}]}}