{"id":2082,"date":"2012-12-10T00:00:00","date_gmt":"2012-12-09T23:00:00","guid":{"rendered":"http:\/\/www.worldpolicyconference.com\/alassane-ouattara-a-la-5eme-edition-de-world-policy-la-securite-est-revenue-sur-lensemble-du-territoire-ivoirien\/"},"modified":"2012-12-10T00:00:00","modified_gmt":"2012-12-09T23:00:00","slug":"alassane-ouattara-a-la-5eme-edition-de-world-policy-la-securite-est-revenue-sur-lensemble-du-territoire-ivoirien","status":"publish","type":"post","link":"https:\/\/www.worldpolicyconference.com\/fr\/alassane-ouattara-a-la-5eme-edition-de-world-policy-la-securite-est-revenue-sur-lensemble-du-territoire-ivoirien\/","title":{"rendered":"Alassane Ouattara \u00e0 la 5\u00e8me \u00e9dition de &lsquo;World Policy&rsquo; : &lsquo;La s\u00e9curit\u00e9 est revenue sur l&rsquo;ensemble du territoire ivoirien&rsquo;"},"content":{"rendered":"<p>[&#8230;] Le Pr\u00e9sident de la R\u00e9publique, S.E.M. Alassane Ouattara, a pr\u00e9sid\u00e9 le samedi 8 d\u00e9cembre 2012, la 5\u00e8 \u00e9dition de la &lsquo;World Policy Conf\u00e9rence&rsquo;, organis\u00e9e par l&rsquo;Institut fran\u00e7ais des relations internationales (IFRI).\u00a0 En sa qualit\u00e9 d&rsquo;invit\u00e9 d&rsquo;honneur de cette 5\u00e8me \u00e9dition, le chef de l&rsquo;Etat a prononc\u00e9, en pr\u00e9sence de plusieurs personnalit\u00e9s de marque, un discours sur la &lsquo;Gouvernance \u00e9conomique mondiale&rsquo;. Selon le Pr\u00e9sident Alassane Ouattara, le monde fait aujourd&rsquo;hui face \u00e0 des turbulences. [&#8230;]<\/p>\n","protected":false},"excerpt":{"rendered":"<p>[&#8230;] Le Pr\u00e9sident de la R\u00e9publique, S.E.M. Alassane Ouattara, a pr\u00e9sid\u00e9 le samedi 8 d\u00e9cembre 2012, la 5\u00e8 \u00e9dition de la &lsquo;World Policy Conf\u00e9rence&rsquo;, organis\u00e9e par l&rsquo;Institut fran\u00e7ais des relations<\/p>\n","protected":false},"author":1,"featured_media":0,"comment_status":"closed","ping_status":"open","sticky":false,"template":"","format":"standard","meta":{"footnotes":""},"categories":[4],"tags":[14],"class_list":["post-2082","post","type-post","status-publish","format-standard","hentry","category-press-review","tag-14"],"_links":{"self":[{"href":"https:\/\/www.worldpolicyconference.com\/fr\/wp-json\/wp\/v2\/posts\/2082","targetHints":{"allow":["GET"]}}],"collection":[{"href":"https:\/\/www.worldpolicyconference.com\/fr\/wp-json\/wp\/v2\/posts"}],"about":[{"href":"https:\/\/www.worldpolicyconference.com\/fr\/wp-json\/wp\/v2\/types\/post"}],"author":[{"embeddable":true,"href":"https:\/\/www.worldpolicyconference.com\/fr\/wp-json\/wp\/v2\/users\/1"}],"replies":[{"embeddable":true,"href":"https:\/\/www.worldpolicyconference.com\/fr\/wp-json\/wp\/v2\/comments?post=2082"}],"version-history":[{"count":0,"href":"https:\/\/www.worldpolicyconference.com\/fr\/wp-json\/wp\/v2\/posts\/2082\/revisions"}],"wp:attachment":[{"href":"https:\/\/www.worldpolicyconference.com\/fr\/wp-json\/wp\/v2\/media?parent=2082"}],"wp:term":[{"taxonomy":"category","embeddable":true,"href":"https:\/\/www.worldpolicyconference.com\/fr\/wp-json\/wp\/v2\/categories?post=2082"},{"taxonomy":"post_tag","embeddable":true,"href":"https:\/\/www.worldpolicyconference.com\/fr\/wp-json\/wp\/v2\/tags?post=2082"}],"curies":[{"name":"wp","href":"https:\/\/api.w.org\/{rel}","templated":true}]}}