{"id":2083,"date":"2012-12-09T00:00:00","date_gmt":"2012-12-08T23:00:00","guid":{"rendered":"http:\/\/www.worldpolicyconference.com\/alassane-ouattara-a-preside-la-ceremonie-douverture-de-la-world-policy-conference\/"},"modified":"2012-12-09T00:00:00","modified_gmt":"2012-12-08T23:00:00","slug":"alassane-ouattara-a-preside-la-ceremonie-douverture-de-la-world-policy-conference","status":"publish","type":"post","link":"https:\/\/www.worldpolicyconference.com\/fr\/alassane-ouattara-a-preside-la-ceremonie-douverture-de-la-world-policy-conference\/","title":{"rendered":"Alassane Ouattara a pr\u00e9sid\u00e9 la c\u00e9r\u00e9monie d&rsquo;ouverture de la &lsquo;World Policy Conference&rsquo;"},"content":{"rendered":"<p>[&#8230;] Le Pr\u00e9sident de la R\u00e9publique de C\u00f4te d`Ivoire, S.E.M. Alassane OUATTARA, a pr\u00e9sid\u00e9 ce samedi 8 d\u00e9cembre 2012, la 5\u00e8 \u00e9dition de la &lsquo;World Policy Conference&rsquo;, organis\u00e9e par l&rsquo;Institut Fran\u00e7ais des Relations Internationales (IFRI). En sa qualit\u00e9 d&rsquo;invit\u00e9 d&rsquo;honneur de cette 5\u00e8me \u00e9dition, le chef de l&rsquo;Etat a prononc\u00e9, en pr\u00e9sence de plusieurs personnalit\u00e9s de marque, un discours sur la &lsquo;Gouvernance \u00e9conomique mondiale&rsquo;. Selon le Pr\u00e9sident Alassane OUATTARA, le monde fait aujourd&rsquo;hui face \u00e0 des turbulences. La baisse du taux de croissance \u00e9conomique, la d\u00e9gradation de notre \u00e9cosyst\u00e8me, la mauvaise gestion des ressources publiques qui frappent plusieurs r\u00e9gions et le d\u00e9collage \u00e9conomique de l&rsquo;Afrique nous interpellent \u00e0 plus d&rsquo;un titre. [&#8230;]<\/p>\n","protected":false},"excerpt":{"rendered":"<p>[&#8230;] Le Pr\u00e9sident de la R\u00e9publique de C\u00f4te d`Ivoire, S.E.M. Alassane OUATTARA, a pr\u00e9sid\u00e9 ce samedi 8 d\u00e9cembre 2012, la 5\u00e8 \u00e9dition de la &lsquo;World Policy Conference&rsquo;, organis\u00e9e par l&rsquo;Institut<\/p>\n","protected":false},"author":1,"featured_media":0,"comment_status":"closed","ping_status":"open","sticky":false,"template":"","format":"standard","meta":{"footnotes":""},"categories":[4],"tags":[14],"class_list":["post-2083","post","type-post","status-publish","format-standard","hentry","category-press-review","tag-14"],"_links":{"self":[{"href":"https:\/\/www.worldpolicyconference.com\/fr\/wp-json\/wp\/v2\/posts\/2083","targetHints":{"allow":["GET"]}}],"collection":[{"href":"https:\/\/www.worldpolicyconference.com\/fr\/wp-json\/wp\/v2\/posts"}],"about":[{"href":"https:\/\/www.worldpolicyconference.com\/fr\/wp-json\/wp\/v2\/types\/post"}],"author":[{"embeddable":true,"href":"https:\/\/www.worldpolicyconference.com\/fr\/wp-json\/wp\/v2\/users\/1"}],"replies":[{"embeddable":true,"href":"https:\/\/www.worldpolicyconference.com\/fr\/wp-json\/wp\/v2\/comments?post=2083"}],"version-history":[{"count":0,"href":"https:\/\/www.worldpolicyconference.com\/fr\/wp-json\/wp\/v2\/posts\/2083\/revisions"}],"wp:attachment":[{"href":"https:\/\/www.worldpolicyconference.com\/fr\/wp-json\/wp\/v2\/media?parent=2083"}],"wp:term":[{"taxonomy":"category","embeddable":true,"href":"https:\/\/www.worldpolicyconference.com\/fr\/wp-json\/wp\/v2\/categories?post=2083"},{"taxonomy":"post_tag","embeddable":true,"href":"https:\/\/www.worldpolicyconference.com\/fr\/wp-json\/wp\/v2\/tags?post=2083"}],"curies":[{"name":"wp","href":"https:\/\/api.w.org\/{rel}","templated":true}]}}