{"id":2087,"date":"2012-12-10T00:00:00","date_gmt":"2012-12-09T23:00:00","guid":{"rendered":"http:\/\/www.worldpolicyconference.com\/alassane-ouattara-a-la-5eme-edition-de-world-policy-la-securite-est-revenue-sur-lensemble-du-territoire-ivoirien-3\/"},"modified":"2012-12-10T00:00:00","modified_gmt":"2012-12-09T23:00:00","slug":"alassane-ouattara-a-la-5eme-edition-de-world-policy-la-securite-est-revenue-sur-lensemble-du-territoire-ivoirien-3","status":"publish","type":"post","link":"https:\/\/www.worldpolicyconference.com\/fr\/alassane-ouattara-a-la-5eme-edition-de-world-policy-la-securite-est-revenue-sur-lensemble-du-territoire-ivoirien-3\/","title":{"rendered":"Alassane Ouattara \u00e0 la 5\u00e8me \u00e9dition de &lsquo;World Policy&rsquo; &lsquo;La s\u00e9curit\u00e9 est revenue sur l&rsquo;ensemble du territoire ivoirien&rsquo;"},"content":{"rendered":"<p>[&#8230;] En sa qualit\u00e9 d&rsquo;invit\u00e9 d&rsquo;honneur de cette 5\u00e8me \u00e9dition, le chef de l&rsquo;Etat a prononc\u00e9, en pr\u00e9sence de plusieurs personnalit\u00e9s de marque, un discours sur la &lsquo;Gouvernance \u00e9conomique mondiale&rsquo;.\u00a0 Selon le Pr\u00e9sident Alassane Ouattara, le monde fait aujourd&rsquo;hui face \u00e0 des turbulences. Il estime que la baisse du taux de croissance \u00e9conomique, la d\u00e9gradation de notre \u00e9cosyst\u00e8me, la mauvaise gestion des ressources publiques qui frappent plusieurs r\u00e9gions et le d\u00e9collage \u00e9conomique de l&rsquo;Afrique nous interpellent \u00e0 plus d&rsquo;un titre. [&#8230;]<\/p>\n","protected":false},"excerpt":{"rendered":"<p>[&#8230;] En sa qualit\u00e9 d&rsquo;invit\u00e9 d&rsquo;honneur de cette 5\u00e8me \u00e9dition, le chef de l&rsquo;Etat a prononc\u00e9, en pr\u00e9sence de plusieurs personnalit\u00e9s de marque, un discours sur la &lsquo;Gouvernance \u00e9conomique mondiale&rsquo;.\u00a0<\/p>\n","protected":false},"author":1,"featured_media":0,"comment_status":"closed","ping_status":"open","sticky":false,"template":"","format":"standard","meta":{"footnotes":""},"categories":[4],"tags":[14],"class_list":["post-2087","post","type-post","status-publish","format-standard","hentry","category-press-review","tag-14"],"_links":{"self":[{"href":"https:\/\/www.worldpolicyconference.com\/fr\/wp-json\/wp\/v2\/posts\/2087","targetHints":{"allow":["GET"]}}],"collection":[{"href":"https:\/\/www.worldpolicyconference.com\/fr\/wp-json\/wp\/v2\/posts"}],"about":[{"href":"https:\/\/www.worldpolicyconference.com\/fr\/wp-json\/wp\/v2\/types\/post"}],"author":[{"embeddable":true,"href":"https:\/\/www.worldpolicyconference.com\/fr\/wp-json\/wp\/v2\/users\/1"}],"replies":[{"embeddable":true,"href":"https:\/\/www.worldpolicyconference.com\/fr\/wp-json\/wp\/v2\/comments?post=2087"}],"version-history":[{"count":0,"href":"https:\/\/www.worldpolicyconference.com\/fr\/wp-json\/wp\/v2\/posts\/2087\/revisions"}],"wp:attachment":[{"href":"https:\/\/www.worldpolicyconference.com\/fr\/wp-json\/wp\/v2\/media?parent=2087"}],"wp:term":[{"taxonomy":"category","embeddable":true,"href":"https:\/\/www.worldpolicyconference.com\/fr\/wp-json\/wp\/v2\/categories?post=2087"},{"taxonomy":"post_tag","embeddable":true,"href":"https:\/\/www.worldpolicyconference.com\/fr\/wp-json\/wp\/v2\/tags?post=2087"}],"curies":[{"name":"wp","href":"https:\/\/api.w.org\/{rel}","templated":true}]}}