{"id":2088,"date":"2012-12-08T00:00:00","date_gmt":"2012-12-07T23:00:00","guid":{"rendered":"http:\/\/www.worldpolicyconference.com\/en-marge-de-la-world-policy-conference-le-chef-detat-accorde-aune-audience-au-president-de-la-fondation-mo-ibrahim\/"},"modified":"2012-12-08T00:00:00","modified_gmt":"2012-12-07T23:00:00","slug":"en-marge-de-la-world-policy-conference-le-chef-detat-accorde-aune-audience-au-president-de-la-fondation-mo-ibrahim","status":"publish","type":"post","link":"https:\/\/www.worldpolicyconference.com\/fr\/en-marge-de-la-world-policy-conference-le-chef-detat-accorde-aune-audience-au-president-de-la-fondation-mo-ibrahim\/","title":{"rendered":"En marge de la World Policy Conference, le chef d&rsquo;Etat accorde aune audience au Pr\u00e9sident de la Fondation Mo Ibrahim"},"content":{"rendered":"<p>[&#8230;] En marge de la &lsquo;World Policy Conference qui se tient \u00e0 Cannes, le Pr\u00e9sident de la R\u00e9publique, S.E.M. Alassane OUATTARA, a re\u00e7u en audience ce samedi 8 d\u00e9cembre 2012, M. MO Ibrahim, Pr\u00e9sident de la Fondation qui porte son nom. A sa sortie de l&rsquo;audience, M. MO Ibrahim a indiqu\u00e9 avoir eu de bons \u00e9changes avec SEM. Alassane OUATTARA, \u00ab\u00a0Pr\u00e9sident d&rsquo;un beau pays, qui est la locomotive de l&rsquo;Afrique de l&rsquo;Ouest\u00a0\u00bb. [&#8230;]<\/p>\n","protected":false},"excerpt":{"rendered":"<p>[&#8230;] En marge de la &lsquo;World Policy Conference qui se tient \u00e0 Cannes, le Pr\u00e9sident de la R\u00e9publique, S.E.M. Alassane OUATTARA, a re\u00e7u en audience ce samedi 8 d\u00e9cembre 2012,<\/p>\n","protected":false},"author":1,"featured_media":0,"comment_status":"closed","ping_status":"open","sticky":false,"template":"","format":"standard","meta":{"footnotes":""},"categories":[4],"tags":[14],"class_list":["post-2088","post","type-post","status-publish","format-standard","hentry","category-press-review","tag-14"],"_links":{"self":[{"href":"https:\/\/www.worldpolicyconference.com\/fr\/wp-json\/wp\/v2\/posts\/2088","targetHints":{"allow":["GET"]}}],"collection":[{"href":"https:\/\/www.worldpolicyconference.com\/fr\/wp-json\/wp\/v2\/posts"}],"about":[{"href":"https:\/\/www.worldpolicyconference.com\/fr\/wp-json\/wp\/v2\/types\/post"}],"author":[{"embeddable":true,"href":"https:\/\/www.worldpolicyconference.com\/fr\/wp-json\/wp\/v2\/users\/1"}],"replies":[{"embeddable":true,"href":"https:\/\/www.worldpolicyconference.com\/fr\/wp-json\/wp\/v2\/comments?post=2088"}],"version-history":[{"count":0,"href":"https:\/\/www.worldpolicyconference.com\/fr\/wp-json\/wp\/v2\/posts\/2088\/revisions"}],"wp:attachment":[{"href":"https:\/\/www.worldpolicyconference.com\/fr\/wp-json\/wp\/v2\/media?parent=2088"}],"wp:term":[{"taxonomy":"category","embeddable":true,"href":"https:\/\/www.worldpolicyconference.com\/fr\/wp-json\/wp\/v2\/categories?post=2088"},{"taxonomy":"post_tag","embeddable":true,"href":"https:\/\/www.worldpolicyconference.com\/fr\/wp-json\/wp\/v2\/tags?post=2088"}],"curies":[{"name":"wp","href":"https:\/\/api.w.org\/{rel}","templated":true}]}}