{"id":2091,"date":"2012-12-10T00:00:00","date_gmt":"2012-12-09T23:00:00","guid":{"rendered":"http:\/\/www.worldpolicyconference.com\/club-international-de-reflexion-la-cote-divoire-au-sommet-des-sommets-2\/"},"modified":"2012-12-10T00:00:00","modified_gmt":"2012-12-09T23:00:00","slug":"club-international-de-reflexion-la-cote-divoire-au-sommet-des-sommets-2","status":"publish","type":"post","link":"https:\/\/www.worldpolicyconference.com\/fr\/club-international-de-reflexion-la-cote-divoire-au-sommet-des-sommets-2\/","title":{"rendered":"Club International de r\u00e9flexion\u00a0: la C\u00f4te d&rsquo;Ivoire au sommet des sommets !"},"content":{"rendered":"<p>[&#8230;] Le Pr\u00e9sident de la R\u00e9publique, Alassane Ouattara, \u00e9tait \u00e0 l&rsquo;honneur devant le monde entier. Il a pr\u00e9sid\u00e9 le samedi 8 d\u00e9cembre 2012, la 5\u00e8me \u00e9dition de la World Policy Conference (WPC), club international de r\u00e9flexion sur les grands enjeux politiques ou \u00e9conomiques mondiaux fond\u00e9 par Thierry de Montbrial (Institut fran\u00e7ais des relations internationales (IFRI), d\u00e9but\u00e9 dans la salle de conf\u00e9rence de l&rsquo;h\u00f4tel Martinez. En sa qualit\u00e9 d&rsquo;invit\u00e9 d&rsquo;honneur de ce grand rendez-vous, le Chef de l&rsquo;Etat ivoirien a prononc\u00e9, en pr\u00e9sence de pr\u00e8s de 300 invit\u00e9s, d\u00e9cideurs politiques et \u00e9conomiques ou leaders d&rsquo;opinion, un discours sur le th\u00e8me g\u00e9n\u00e9ral de la \u00ab\u00a0Gouvernance \u00e9conomique mondiale\u00a0\u00bb. [&#8230;]<\/p>\n","protected":false},"excerpt":{"rendered":"<p>[&#8230;] Le Pr\u00e9sident de la R\u00e9publique, Alassane Ouattara, \u00e9tait \u00e0 l&rsquo;honneur devant le monde entier. Il a pr\u00e9sid\u00e9 le samedi 8 d\u00e9cembre 2012, la 5\u00e8me \u00e9dition de la World Policy<\/p>\n","protected":false},"author":1,"featured_media":0,"comment_status":"closed","ping_status":"open","sticky":false,"template":"","format":"standard","meta":{"footnotes":""},"categories":[4],"tags":[14],"class_list":["post-2091","post","type-post","status-publish","format-standard","hentry","category-press-review","tag-14"],"_links":{"self":[{"href":"https:\/\/www.worldpolicyconference.com\/fr\/wp-json\/wp\/v2\/posts\/2091","targetHints":{"allow":["GET"]}}],"collection":[{"href":"https:\/\/www.worldpolicyconference.com\/fr\/wp-json\/wp\/v2\/posts"}],"about":[{"href":"https:\/\/www.worldpolicyconference.com\/fr\/wp-json\/wp\/v2\/types\/post"}],"author":[{"embeddable":true,"href":"https:\/\/www.worldpolicyconference.com\/fr\/wp-json\/wp\/v2\/users\/1"}],"replies":[{"embeddable":true,"href":"https:\/\/www.worldpolicyconference.com\/fr\/wp-json\/wp\/v2\/comments?post=2091"}],"version-history":[{"count":0,"href":"https:\/\/www.worldpolicyconference.com\/fr\/wp-json\/wp\/v2\/posts\/2091\/revisions"}],"wp:attachment":[{"href":"https:\/\/www.worldpolicyconference.com\/fr\/wp-json\/wp\/v2\/media?parent=2091"}],"wp:term":[{"taxonomy":"category","embeddable":true,"href":"https:\/\/www.worldpolicyconference.com\/fr\/wp-json\/wp\/v2\/categories?post=2091"},{"taxonomy":"post_tag","embeddable":true,"href":"https:\/\/www.worldpolicyconference.com\/fr\/wp-json\/wp\/v2\/tags?post=2091"}],"curies":[{"name":"wp","href":"https:\/\/api.w.org\/{rel}","templated":true}]}}