{"id":2094,"date":"2012-12-09T00:00:00","date_gmt":"2012-12-08T23:00:00","guid":{"rendered":"http:\/\/www.worldpolicyconference.com\/france-ouverture-de-la-5e-edition-de-la-world-policy-conference-2012-a-cannes-3\/"},"modified":"2012-12-09T00:00:00","modified_gmt":"2012-12-08T23:00:00","slug":"france-ouverture-de-la-5e-edition-de-la-world-policy-conference-2012-a-cannes-3","status":"publish","type":"post","link":"https:\/\/www.worldpolicyconference.com\/fr\/france-ouverture-de-la-5e-edition-de-la-world-policy-conference-2012-a-cannes-3\/","title":{"rendered":"France : ouverture de la 5\u00e8 \u00e9dition de la World Policy Conference 2012 \u00e0 Cannes"},"content":{"rendered":"<p>[&#8230;] La cinqui\u00e8me \u00e9dition de la World Policy Conference (WPC) , r\u00e9unissant pr\u00e8s de 300 invit\u00e9s venant de 40 pays, se tient du 8 au 10 d\u00e9cembre \u00e0 Cannes en pr\u00e9sence du Premier ministre italien Mario Monti, du pr\u00e9sident ivoirien Alassane Ouattara, du directeur g\u00e9n\u00e9ral de l&rsquo;Organisation mondiale du Commerce (OMC) Pascal Lamy, du PDG de Total Christophe de Margerie et et du PDG de Lafarge Bruno Lafont. Lors de cette \u00e9dition de trois jours, les invit\u00e9s prestigieux abordent les th\u00e8mes fondamentaux et d&rsquo;actualit\u00e9 de la gouvernance mondiale parmi lesquels : la gouvernance \u00e9conomique internationale ; l&rsquo;avenir de l&rsquo;euro et de l&rsquo;Union europ\u00e9enne ; l&rsquo;avenir du Moyen-Orient et l&rsquo;Afrique. [&#8230;]<\/p>\n","protected":false},"excerpt":{"rendered":"<p>[&#8230;] La cinqui\u00e8me \u00e9dition de la World Policy Conference (WPC) , r\u00e9unissant pr\u00e8s de 300 invit\u00e9s venant de 40 pays, se tient du 8 au 10 d\u00e9cembre \u00e0 Cannes en<\/p>\n","protected":false},"author":1,"featured_media":0,"comment_status":"closed","ping_status":"open","sticky":false,"template":"","format":"standard","meta":{"footnotes":""},"categories":[4],"tags":[14],"class_list":["post-2094","post","type-post","status-publish","format-standard","hentry","category-press-review","tag-14"],"_links":{"self":[{"href":"https:\/\/www.worldpolicyconference.com\/fr\/wp-json\/wp\/v2\/posts\/2094","targetHints":{"allow":["GET"]}}],"collection":[{"href":"https:\/\/www.worldpolicyconference.com\/fr\/wp-json\/wp\/v2\/posts"}],"about":[{"href":"https:\/\/www.worldpolicyconference.com\/fr\/wp-json\/wp\/v2\/types\/post"}],"author":[{"embeddable":true,"href":"https:\/\/www.worldpolicyconference.com\/fr\/wp-json\/wp\/v2\/users\/1"}],"replies":[{"embeddable":true,"href":"https:\/\/www.worldpolicyconference.com\/fr\/wp-json\/wp\/v2\/comments?post=2094"}],"version-history":[{"count":0,"href":"https:\/\/www.worldpolicyconference.com\/fr\/wp-json\/wp\/v2\/posts\/2094\/revisions"}],"wp:attachment":[{"href":"https:\/\/www.worldpolicyconference.com\/fr\/wp-json\/wp\/v2\/media?parent=2094"}],"wp:term":[{"taxonomy":"category","embeddable":true,"href":"https:\/\/www.worldpolicyconference.com\/fr\/wp-json\/wp\/v2\/categories?post=2094"},{"taxonomy":"post_tag","embeddable":true,"href":"https:\/\/www.worldpolicyconference.com\/fr\/wp-json\/wp\/v2\/tags?post=2094"}],"curies":[{"name":"wp","href":"https:\/\/api.w.org\/{rel}","templated":true}]}}