{"id":2098,"date":"2012-12-08T00:00:00","date_gmt":"2012-12-07T23:00:00","guid":{"rendered":"http:\/\/www.worldpolicyconference.com\/almunia-los-objetivos-de-deficit-son-condicion-necesaria-para-el-crecimiento\/"},"modified":"2012-12-08T00:00:00","modified_gmt":"2012-12-07T23:00:00","slug":"almunia-los-objetivos-de-deficit-son-condicion-necesaria-para-el-crecimiento","status":"publish","type":"post","link":"https:\/\/www.worldpolicyconference.com\/fr\/almunia-los-objetivos-de-deficit-son-condicion-necesaria-para-el-crecimiento\/","title":{"rendered":"Almunia: los objetivos de d\u00e9ficit son condici\u00f3n necesaria para el crecimiento"},"content":{"rendered":"<p>[&#8230;] Espa\u00f1a est\u00e1 haciendo lo que se hab\u00eda comprometido a hacer y lo que debe hacer\u00a0\u00bb, asegur\u00f3 el comisario europeo de la Competencia, Joaqu\u00edn Almunia en una entrevista en Cannes, donde participa en la quinta edici\u00f3n de la Conferencia Pol\u00edtica Mundial. \u00e9se -dijo- es el an\u00e1lisis que han hecho en los \u00faltimos d\u00edas la Comisi\u00f3n Europea y el Ecofin sobre el programa de ajuste presupuestario espa\u00f1ol. Record\u00f3 que \u00ab\u00a0la situaci\u00f3n econ\u00f3mica sigue siendo complicada\u00a0\u00bb porque \u00ab\u00a0en recesi\u00f3n es especialmente dif\u00edcil avanzar en el ajuste presupuestario, pero a la vez ese avance es imprescindible\u00a0\u00bb, no porque se diga desde fuera sino porque \u00ab\u00a0es en inter\u00e9s de los espa\u00f1oles y de la econom\u00eda espa\u00f1ola ajustar los presupuestos\u00a0\u00bb. [&#8230;]<\/p>\n","protected":false},"excerpt":{"rendered":"<p>[&#8230;] Espa\u00f1a est\u00e1 haciendo lo que se hab\u00eda comprometido a hacer y lo que debe hacer\u00a0\u00bb, asegur\u00f3 el comisario europeo de la Competencia, Joaqu\u00edn Almunia en una entrevista en Cannes,<\/p>\n","protected":false},"author":1,"featured_media":0,"comment_status":"closed","ping_status":"open","sticky":false,"template":"","format":"standard","meta":{"footnotes":""},"categories":[4],"tags":[14],"class_list":["post-2098","post","type-post","status-publish","format-standard","hentry","category-press-review","tag-14"],"_links":{"self":[{"href":"https:\/\/www.worldpolicyconference.com\/fr\/wp-json\/wp\/v2\/posts\/2098","targetHints":{"allow":["GET"]}}],"collection":[{"href":"https:\/\/www.worldpolicyconference.com\/fr\/wp-json\/wp\/v2\/posts"}],"about":[{"href":"https:\/\/www.worldpolicyconference.com\/fr\/wp-json\/wp\/v2\/types\/post"}],"author":[{"embeddable":true,"href":"https:\/\/www.worldpolicyconference.com\/fr\/wp-json\/wp\/v2\/users\/1"}],"replies":[{"embeddable":true,"href":"https:\/\/www.worldpolicyconference.com\/fr\/wp-json\/wp\/v2\/comments?post=2098"}],"version-history":[{"count":0,"href":"https:\/\/www.worldpolicyconference.com\/fr\/wp-json\/wp\/v2\/posts\/2098\/revisions"}],"wp:attachment":[{"href":"https:\/\/www.worldpolicyconference.com\/fr\/wp-json\/wp\/v2\/media?parent=2098"}],"wp:term":[{"taxonomy":"category","embeddable":true,"href":"https:\/\/www.worldpolicyconference.com\/fr\/wp-json\/wp\/v2\/categories?post=2098"},{"taxonomy":"post_tag","embeddable":true,"href":"https:\/\/www.worldpolicyconference.com\/fr\/wp-json\/wp\/v2\/tags?post=2098"}],"curies":[{"name":"wp","href":"https:\/\/api.w.org\/{rel}","templated":true}]}}