{"id":2106,"date":"2012-12-08T00:00:00","date_gmt":"2012-12-07T23:00:00","guid":{"rendered":"http:\/\/www.worldpolicyconference.com\/monti-considera-manejable-la-situacion-en-italia-y-advierte-de-los-populismos-italia-gobierno\/"},"modified":"2012-12-08T00:00:00","modified_gmt":"2012-12-07T23:00:00","slug":"monti-considera-manejable-la-situacion-en-italia-y-advierte-de-los-populismos-italia-gobierno","status":"publish","type":"post","link":"https:\/\/www.worldpolicyconference.com\/fr\/monti-considera-manejable-la-situacion-en-italia-y-advierte-de-los-populismos-italia-gobierno\/","title":{"rendered":"Monti considera manejable la situaci\u00f3n en Italia y advierte de los populismos; ITALIA GOBIERNO"},"content":{"rendered":"<p>[&#8230;] En su discurso ante el World Policy Conference, el tecn\u00f3crata consider\u00f3 que esa retirada del apoyo por parte del PDL es un peque\u00f1o elemento de la din\u00e1mica pol\u00edtica, pero muy importante\u00a0\u00bb, y lo vincul\u00f3 al hecho de que se aproxima el fin de la legislatura, previsto para abril.\u00a0 En cualquier caso, destac\u00f3 que su mandato, gracias al soporte de tres fuerzas pol\u00edticas que hasta entonces se hab\u00edan enfrentado duramente, ha permitido un equilibrio gracias al cual se han hecho \u00ab\u00a0reformas estructurales\u00a0\u00bb que ni el centro derecha ni el centro izquierda hubieran podido llevar a cabo en solitario y se ha dado desde Italia \u00ab\u00a0una din\u00e1mica al debate europeo\u00a0\u00bb. [&#8230;]<\/p>\n","protected":false},"excerpt":{"rendered":"<p>[&#8230;] En su discurso ante el World Policy Conference, el tecn\u00f3crata consider\u00f3 que esa retirada del apoyo por parte del PDL es un peque\u00f1o elemento de la din\u00e1mica pol\u00edtica, pero<\/p>\n","protected":false},"author":1,"featured_media":0,"comment_status":"closed","ping_status":"open","sticky":false,"template":"","format":"standard","meta":{"footnotes":""},"categories":[4],"tags":[14],"class_list":["post-2106","post","type-post","status-publish","format-standard","hentry","category-press-review","tag-14"],"_links":{"self":[{"href":"https:\/\/www.worldpolicyconference.com\/fr\/wp-json\/wp\/v2\/posts\/2106","targetHints":{"allow":["GET"]}}],"collection":[{"href":"https:\/\/www.worldpolicyconference.com\/fr\/wp-json\/wp\/v2\/posts"}],"about":[{"href":"https:\/\/www.worldpolicyconference.com\/fr\/wp-json\/wp\/v2\/types\/post"}],"author":[{"embeddable":true,"href":"https:\/\/www.worldpolicyconference.com\/fr\/wp-json\/wp\/v2\/users\/1"}],"replies":[{"embeddable":true,"href":"https:\/\/www.worldpolicyconference.com\/fr\/wp-json\/wp\/v2\/comments?post=2106"}],"version-history":[{"count":0,"href":"https:\/\/www.worldpolicyconference.com\/fr\/wp-json\/wp\/v2\/posts\/2106\/revisions"}],"wp:attachment":[{"href":"https:\/\/www.worldpolicyconference.com\/fr\/wp-json\/wp\/v2\/media?parent=2106"}],"wp:term":[{"taxonomy":"category","embeddable":true,"href":"https:\/\/www.worldpolicyconference.com\/fr\/wp-json\/wp\/v2\/categories?post=2106"},{"taxonomy":"post_tag","embeddable":true,"href":"https:\/\/www.worldpolicyconference.com\/fr\/wp-json\/wp\/v2\/tags?post=2106"}],"curies":[{"name":"wp","href":"https:\/\/api.w.org\/{rel}","templated":true}]}}