{"id":2112,"date":"2012-12-10T00:00:00","date_gmt":"2012-12-09T23:00:00","guid":{"rendered":"http:\/\/www.worldpolicyconference.com\/world-policy-conference-cannes-le-patriarche-oecumenique-de-constantinople-invite-de-marque-a-cette-conference-organisee-par-lifri\/"},"modified":"2012-12-10T00:00:00","modified_gmt":"2012-12-09T23:00:00","slug":"world-policy-conference-cannes-le-patriarche-oecumenique-de-constantinople-invite-de-marque-a-cette-conference-organisee-par-lifri","status":"publish","type":"post","link":"https:\/\/www.worldpolicyconference.com\/fr\/world-policy-conference-cannes-le-patriarche-oecumenique-de-constantinople-invite-de-marque-a-cette-conference-organisee-par-lifri\/","title":{"rendered":"[World Policy Conference] &#8211; Cannes &#8211; Le Patriarche \u0153cum\u00e9nique de Constantinople invit\u00e9 de marque \u00e0 cette conf\u00e9rence organis\u00e9e par l&rsquo;IFRI !"},"content":{"rendered":"<p>[&#8230;] Avant de s&rsquo;envoler au Liban pour pr\u00e9sider hier les fun\u00e9railles de Sa B\u00e9atitude le Patriarche IGNACE IV, primat de l&rsquo;Eglise orthodoxe d&rsquo;Antioche, Sa Saintet\u00e9 BARTHOLOMEE 1er, Patriarche \u0153cum\u00e9nique de Constantinople, a \u00e9t\u00e9 un des principaux invit\u00e9s de marque de la World Policy Conference\u00a0\u00bb \u00e0 Cannes o\u00f9 il a d\u00e9livr\u00e9 le 8 d\u00e9cembre dernier un important message sur la gouvernance \u00e9conomique et politique du monde d&rsquo;aujourd&rsquo;hui. La \u00ab\u00a0World Policy Conference\u00a0\u00bb est une grande rencontre internationale organis\u00e9e \u00e0 l&rsquo;initiative de l&rsquo;Institut Fran\u00e7ais des Relations Internationales (IFRI), lanc\u00e9e depuis quatre ans comme un Club ouvert de participants de France, d&rsquo;Europe mais aussi du monde. [&#8230;]<\/p>\n","protected":false},"excerpt":{"rendered":"<p>[&#8230;] Avant de s&rsquo;envoler au Liban pour pr\u00e9sider hier les fun\u00e9railles de Sa B\u00e9atitude le Patriarche IGNACE IV, primat de l&rsquo;Eglise orthodoxe d&rsquo;Antioche, Sa Saintet\u00e9 BARTHOLOMEE 1er, Patriarche \u0153cum\u00e9nique de<\/p>\n","protected":false},"author":1,"featured_media":0,"comment_status":"closed","ping_status":"open","sticky":false,"template":"","format":"standard","meta":{"footnotes":""},"categories":[4],"tags":[14],"class_list":["post-2112","post","type-post","status-publish","format-standard","hentry","category-press-review","tag-14"],"_links":{"self":[{"href":"https:\/\/www.worldpolicyconference.com\/fr\/wp-json\/wp\/v2\/posts\/2112","targetHints":{"allow":["GET"]}}],"collection":[{"href":"https:\/\/www.worldpolicyconference.com\/fr\/wp-json\/wp\/v2\/posts"}],"about":[{"href":"https:\/\/www.worldpolicyconference.com\/fr\/wp-json\/wp\/v2\/types\/post"}],"author":[{"embeddable":true,"href":"https:\/\/www.worldpolicyconference.com\/fr\/wp-json\/wp\/v2\/users\/1"}],"replies":[{"embeddable":true,"href":"https:\/\/www.worldpolicyconference.com\/fr\/wp-json\/wp\/v2\/comments?post=2112"}],"version-history":[{"count":0,"href":"https:\/\/www.worldpolicyconference.com\/fr\/wp-json\/wp\/v2\/posts\/2112\/revisions"}],"wp:attachment":[{"href":"https:\/\/www.worldpolicyconference.com\/fr\/wp-json\/wp\/v2\/media?parent=2112"}],"wp:term":[{"taxonomy":"category","embeddable":true,"href":"https:\/\/www.worldpolicyconference.com\/fr\/wp-json\/wp\/v2\/categories?post=2112"},{"taxonomy":"post_tag","embeddable":true,"href":"https:\/\/www.worldpolicyconference.com\/fr\/wp-json\/wp\/v2\/tags?post=2112"}],"curies":[{"name":"wp","href":"https:\/\/api.w.org\/{rel}","templated":true}]}}