{"id":2115,"date":"2012-12-10T00:00:00","date_gmt":"2012-12-09T23:00:00","guid":{"rendered":"http:\/\/www.worldpolicyconference.com\/regresso-de-berlusconi-abala-italia\/"},"modified":"2012-12-10T00:00:00","modified_gmt":"2012-12-09T23:00:00","slug":"regresso-de-berlusconi-abala-italia","status":"publish","type":"post","link":"https:\/\/www.worldpolicyconference.com\/fr\/regresso-de-berlusconi-abala-italia\/","title":{"rendered":"Regresso de Berlusconi abala It\u00e1lia"},"content":{"rendered":"<p>[&#8230;] Monti anunciou que se demitir\u00e1 ap\u00f3s o parlamento aprovar a legisla\u00e7\u00e3o or\u00e7amental. \u00ab\u00a0Nos \u00faltimos meses a credibilidade da It\u00e1lia melhorou imenso, reconquistando aposi\u00e7\u00e3o que lhe \u00e9 devida na Europa. Se a It\u00e1lia voltar a entrar num novo per\u00edodo de instabilidade, vai ser mais resolver a crise na zona Euro\u00a0\u00bb, sublinhou Thierry de Montbrial, Presidente do f\u00f3rum World Policy Conference. [&#8230;]<\/p>\n","protected":false},"excerpt":{"rendered":"<p>[&#8230;] Monti anunciou que se demitir\u00e1 ap\u00f3s o parlamento aprovar a legisla\u00e7\u00e3o or\u00e7amental. \u00ab\u00a0Nos \u00faltimos meses a credibilidade da It\u00e1lia melhorou imenso, reconquistando aposi\u00e7\u00e3o que lhe \u00e9 devida na Europa.<\/p>\n","protected":false},"author":1,"featured_media":0,"comment_status":"closed","ping_status":"open","sticky":false,"template":"","format":"standard","meta":{"footnotes":""},"categories":[4],"tags":[14],"class_list":["post-2115","post","type-post","status-publish","format-standard","hentry","category-press-review","tag-14"],"_links":{"self":[{"href":"https:\/\/www.worldpolicyconference.com\/fr\/wp-json\/wp\/v2\/posts\/2115","targetHints":{"allow":["GET"]}}],"collection":[{"href":"https:\/\/www.worldpolicyconference.com\/fr\/wp-json\/wp\/v2\/posts"}],"about":[{"href":"https:\/\/www.worldpolicyconference.com\/fr\/wp-json\/wp\/v2\/types\/post"}],"author":[{"embeddable":true,"href":"https:\/\/www.worldpolicyconference.com\/fr\/wp-json\/wp\/v2\/users\/1"}],"replies":[{"embeddable":true,"href":"https:\/\/www.worldpolicyconference.com\/fr\/wp-json\/wp\/v2\/comments?post=2115"}],"version-history":[{"count":0,"href":"https:\/\/www.worldpolicyconference.com\/fr\/wp-json\/wp\/v2\/posts\/2115\/revisions"}],"wp:attachment":[{"href":"https:\/\/www.worldpolicyconference.com\/fr\/wp-json\/wp\/v2\/media?parent=2115"}],"wp:term":[{"taxonomy":"category","embeddable":true,"href":"https:\/\/www.worldpolicyconference.com\/fr\/wp-json\/wp\/v2\/categories?post=2115"},{"taxonomy":"post_tag","embeddable":true,"href":"https:\/\/www.worldpolicyconference.com\/fr\/wp-json\/wp\/v2\/tags?post=2115"}],"curies":[{"name":"wp","href":"https:\/\/api.w.org\/{rel}","templated":true}]}}