{"id":2117,"date":"2012-12-10T00:00:00","date_gmt":"2012-12-09T23:00:00","guid":{"rendered":"http:\/\/www.worldpolicyconference.com\/italie-la-crise-politique-renforce-les-inquietudes-sur-leconomie-et-dans-la-zone-euro\/"},"modified":"2012-12-10T00:00:00","modified_gmt":"2012-12-09T23:00:00","slug":"italie-la-crise-politique-renforce-les-inquietudes-sur-leconomie-et-dans-la-zone-euro","status":"publish","type":"post","link":"https:\/\/www.worldpolicyconference.com\/fr\/italie-la-crise-politique-renforce-les-inquietudes-sur-leconomie-et-dans-la-zone-euro\/","title":{"rendered":"Italie : la crise politique renforce les inqui\u00e9tudes sur l\u2018\u00e9conomie et dans la zone euro"},"content":{"rendered":"<p>[&#8230;] Une d\u00e9cision \u00ab\u00a0irr\u00e9vocable\u00a0\u00bb et prise apr\u00e8s avoir perdu le soutien du parti de Berlusconi. \u00ab\u00a0L&rsquo;Italie avait r\u00e9cup\u00e9r\u00e9 une grande partie de sa cr\u00e9dibilit\u00e9 au cours des derniers mois, elle avait repris sa position en Europe. Si une nouvelle p\u00e9riode d&rsquo;incertitudes s&rsquo;ouvre en Italie, \u00e7a va compliquer beaucoup les choses en particulier pour la solution de la crise de la zone euro\u00a0\u00bb, d\u00e9clare Thierry de Montbrial, pr\u00e9sident de la World Policy Conference. [&#8230;]<\/p>\n","protected":false},"excerpt":{"rendered":"<p>[&#8230;] Une d\u00e9cision \u00ab\u00a0irr\u00e9vocable\u00a0\u00bb et prise apr\u00e8s avoir perdu le soutien du parti de Berlusconi. \u00ab\u00a0L&rsquo;Italie avait r\u00e9cup\u00e9r\u00e9 une grande partie de sa cr\u00e9dibilit\u00e9 au cours des derniers mois, elle<\/p>\n","protected":false},"author":1,"featured_media":0,"comment_status":"closed","ping_status":"open","sticky":false,"template":"","format":"standard","meta":{"footnotes":""},"categories":[4],"tags":[14],"class_list":["post-2117","post","type-post","status-publish","format-standard","hentry","category-press-review","tag-14"],"_links":{"self":[{"href":"https:\/\/www.worldpolicyconference.com\/fr\/wp-json\/wp\/v2\/posts\/2117","targetHints":{"allow":["GET"]}}],"collection":[{"href":"https:\/\/www.worldpolicyconference.com\/fr\/wp-json\/wp\/v2\/posts"}],"about":[{"href":"https:\/\/www.worldpolicyconference.com\/fr\/wp-json\/wp\/v2\/types\/post"}],"author":[{"embeddable":true,"href":"https:\/\/www.worldpolicyconference.com\/fr\/wp-json\/wp\/v2\/users\/1"}],"replies":[{"embeddable":true,"href":"https:\/\/www.worldpolicyconference.com\/fr\/wp-json\/wp\/v2\/comments?post=2117"}],"version-history":[{"count":0,"href":"https:\/\/www.worldpolicyconference.com\/fr\/wp-json\/wp\/v2\/posts\/2117\/revisions"}],"wp:attachment":[{"href":"https:\/\/www.worldpolicyconference.com\/fr\/wp-json\/wp\/v2\/media?parent=2117"}],"wp:term":[{"taxonomy":"category","embeddable":true,"href":"https:\/\/www.worldpolicyconference.com\/fr\/wp-json\/wp\/v2\/categories?post=2117"},{"taxonomy":"post_tag","embeddable":true,"href":"https:\/\/www.worldpolicyconference.com\/fr\/wp-json\/wp\/v2\/tags?post=2117"}],"curies":[{"name":"wp","href":"https:\/\/api.w.org\/{rel}","templated":true}]}}