{"id":2118,"date":"2012-12-08T00:00:00","date_gmt":"2012-12-07T23:00:00","guid":{"rendered":"http:\/\/www.worldpolicyconference.com\/france-ouverture-a-cannes-de-la-5e-edition-world-policy-conference\/"},"modified":"2012-12-08T00:00:00","modified_gmt":"2012-12-07T23:00:00","slug":"france-ouverture-a-cannes-de-la-5e-edition-world-policy-conference","status":"publish","type":"post","link":"https:\/\/www.worldpolicyconference.com\/fr\/france-ouverture-a-cannes-de-la-5e-edition-world-policy-conference\/","title":{"rendered":"FRANCE : Ouverture \u00e0 Cannes de la 5e \u00e9dition World Policy Conference"},"content":{"rendered":"<p>[&#8230;] La 5e \u00e9dition de la World Policy Conference -WPC-, qui se d\u00e9roule du 8 au 10 d\u00e9cembre 2012 \u00e0 Cannes, rassemble plus de 300 invit\u00e9s en provenance de 40 pays, en pr\u00e9sence de Mario Monti premier ministre de l&rsquo;Italie, d&rsquo;Alassane Ouattara pr\u00e9sident de la r\u00e9publique de C\u00f4te d&rsquo;Ivoire, de Pascal Lamy directeur g\u00e9n\u00e9ral de l&rsquo;organisation mondiale du commerce \u2013 OMC- de Christophe de Margerie pr\u00e9sident directeur g\u00e9n\u00e9ral de Total et de Bruno Lafont pr\u00e9sident directeur g\u00e9n\u00e9ral de Lafarge. [&#8230;]<\/p>\n","protected":false},"excerpt":{"rendered":"<p>[&#8230;] La 5e \u00e9dition de la World Policy Conference -WPC-, qui se d\u00e9roule du 8 au 10 d\u00e9cembre 2012 \u00e0 Cannes, rassemble plus de 300 invit\u00e9s en provenance de 40<\/p>\n","protected":false},"author":1,"featured_media":0,"comment_status":"closed","ping_status":"open","sticky":false,"template":"","format":"standard","meta":{"footnotes":""},"categories":[4],"tags":[14],"class_list":["post-2118","post","type-post","status-publish","format-standard","hentry","category-press-review","tag-14"],"_links":{"self":[{"href":"https:\/\/www.worldpolicyconference.com\/fr\/wp-json\/wp\/v2\/posts\/2118","targetHints":{"allow":["GET"]}}],"collection":[{"href":"https:\/\/www.worldpolicyconference.com\/fr\/wp-json\/wp\/v2\/posts"}],"about":[{"href":"https:\/\/www.worldpolicyconference.com\/fr\/wp-json\/wp\/v2\/types\/post"}],"author":[{"embeddable":true,"href":"https:\/\/www.worldpolicyconference.com\/fr\/wp-json\/wp\/v2\/users\/1"}],"replies":[{"embeddable":true,"href":"https:\/\/www.worldpolicyconference.com\/fr\/wp-json\/wp\/v2\/comments?post=2118"}],"version-history":[{"count":0,"href":"https:\/\/www.worldpolicyconference.com\/fr\/wp-json\/wp\/v2\/posts\/2118\/revisions"}],"wp:attachment":[{"href":"https:\/\/www.worldpolicyconference.com\/fr\/wp-json\/wp\/v2\/media?parent=2118"}],"wp:term":[{"taxonomy":"category","embeddable":true,"href":"https:\/\/www.worldpolicyconference.com\/fr\/wp-json\/wp\/v2\/categories?post=2118"},{"taxonomy":"post_tag","embeddable":true,"href":"https:\/\/www.worldpolicyconference.com\/fr\/wp-json\/wp\/v2\/tags?post=2118"}],"curies":[{"name":"wp","href":"https:\/\/api.w.org\/{rel}","templated":true}]}}