{"id":2120,"date":"2012-12-08T00:00:00","date_gmt":"2012-12-07T23:00:00","guid":{"rendered":"http:\/\/www.worldpolicyconference.com\/programme-charge-pour-la-world-policy-conference-2012-2\/"},"modified":"2012-12-08T00:00:00","modified_gmt":"2012-12-07T23:00:00","slug":"programme-charge-pour-la-world-policy-conference-2012-2","status":"publish","type":"post","link":"https:\/\/www.worldpolicyconference.com\/fr\/programme-charge-pour-la-world-policy-conference-2012-2\/","title":{"rendered":"Programme charg\u00e9 pour la World Policy Conference 2012"},"content":{"rendered":"<p>[&#8230;] La World Policy Conference 2012 s&rsquo;est ouverte samedi 8 d\u00e9cembre \u00e0 Cannes. Th\u00e8me g\u00e9n\u00e9ral de cette cinqui\u00e8me \u00e9dition : la gouvernance mondiale. Cannes, samedi 8 d\u00e9cembre, 9 h. La cinqui\u00e8me \u00e9dition de la World Policy Conference (WPC), club international de r\u00e9flexion sur les grands enjeux politiques ou \u00e9conomiques mondiaux fond\u00e9 par Thierry de Montbrial (Institut fran\u00e7ais des relations internationales, Ifri), d\u00e9bute dans la salle de conf\u00e9rence de l&rsquo;h\u00f4tel Martinez. En pr\u00e9sence de pr\u00e8s de 300 invit\u00e9s, d\u00e9cideurs politiques et \u00e9conomiques ou leaders d&rsquo;opinion, c&rsquo;est Alassane Ouattara, le chef de l&rsquo;Etat ivoirien, qui ouvre les d\u00e9bats, ax\u00e9s cette ann\u00e9e sur le th\u00e8me g\u00e9n\u00e9ral de la gouvernance mondiale. [&#8230;]<\/p>\n","protected":false},"excerpt":{"rendered":"<p>[&#8230;] La World Policy Conference 2012 s&rsquo;est ouverte samedi 8 d\u00e9cembre \u00e0 Cannes. Th\u00e8me g\u00e9n\u00e9ral de cette cinqui\u00e8me \u00e9dition : la gouvernance mondiale. Cannes, samedi 8 d\u00e9cembre, 9 h. La<\/p>\n","protected":false},"author":1,"featured_media":0,"comment_status":"closed","ping_status":"open","sticky":false,"template":"","format":"standard","meta":{"footnotes":""},"categories":[4],"tags":[14],"class_list":["post-2120","post","type-post","status-publish","format-standard","hentry","category-press-review","tag-14"],"_links":{"self":[{"href":"https:\/\/www.worldpolicyconference.com\/fr\/wp-json\/wp\/v2\/posts\/2120","targetHints":{"allow":["GET"]}}],"collection":[{"href":"https:\/\/www.worldpolicyconference.com\/fr\/wp-json\/wp\/v2\/posts"}],"about":[{"href":"https:\/\/www.worldpolicyconference.com\/fr\/wp-json\/wp\/v2\/types\/post"}],"author":[{"embeddable":true,"href":"https:\/\/www.worldpolicyconference.com\/fr\/wp-json\/wp\/v2\/users\/1"}],"replies":[{"embeddable":true,"href":"https:\/\/www.worldpolicyconference.com\/fr\/wp-json\/wp\/v2\/comments?post=2120"}],"version-history":[{"count":0,"href":"https:\/\/www.worldpolicyconference.com\/fr\/wp-json\/wp\/v2\/posts\/2120\/revisions"}],"wp:attachment":[{"href":"https:\/\/www.worldpolicyconference.com\/fr\/wp-json\/wp\/v2\/media?parent=2120"}],"wp:term":[{"taxonomy":"category","embeddable":true,"href":"https:\/\/www.worldpolicyconference.com\/fr\/wp-json\/wp\/v2\/categories?post=2120"},{"taxonomy":"post_tag","embeddable":true,"href":"https:\/\/www.worldpolicyconference.com\/fr\/wp-json\/wp\/v2\/tags?post=2120"}],"curies":[{"name":"wp","href":"https:\/\/api.w.org\/{rel}","templated":true}]}}