{"id":2161,"date":"2012-12-07T00:00:00","date_gmt":"2012-12-06T23:00:00","guid":{"rendered":"http:\/\/www.worldpolicyconference.com\/participation-libanaise-de-haut-niveau-a-la-conference-sur-la-gouvernance-mondiale-a-cannes\/"},"modified":"2012-12-07T00:00:00","modified_gmt":"2012-12-06T23:00:00","slug":"participation-libanaise-de-haut-niveau-a-la-conference-sur-la-gouvernance-mondiale-a-cannes","status":"publish","type":"post","link":"https:\/\/www.worldpolicyconference.com\/fr\/participation-libanaise-de-haut-niveau-a-la-conference-sur-la-gouvernance-mondiale-a-cannes\/","title":{"rendered":"Participation libanaise de haut niveau \u00e0 la conf\u00e9rence sur la gouvernance mondiale \u00e0 Cannes"},"content":{"rendered":"<p>C&rsquo;est ce soir que s&rsquo;ouvre \u00e0 Cannes, sur la C\u00f4te d&rsquo;Azur, la cinqui\u00e8me \u00e9dition de la \u00ab\u00a0World Policy Conference \u00ab\u00a0, conf\u00e9rence internationale sur la gouvernance mondiale, organis\u00e9e \u00e0 l&rsquo;initiative de l&rsquo;IFRI (Institut fran\u00e7ais des relations internationales). Pendant quatre jours, du 7 au 10 d\u00e9cembre, des dirigeants politiques d&rsquo;horizons divers, de hauts responsables et des directeurs g\u00e9n\u00e9raux de grandes entreprises internationales, r\u00e9unis pour l&rsquo;occasion au prestigieux h\u00f4tel Martinez, proc\u00e9deront \u00e0 des d\u00e9bats et des \u00e9changes de vues sur les meilleurs moyens d&rsquo;am\u00e9liorer la gouvernance mondiale dans diff\u00e9rents domaines et secteurs d&rsquo;activit\u00e9. [&#8230;]<\/p>\n","protected":false},"excerpt":{"rendered":"<p>C&rsquo;est ce soir que s&rsquo;ouvre \u00e0 Cannes, sur la C\u00f4te d&rsquo;Azur, la cinqui\u00e8me \u00e9dition de la \u00ab\u00a0World Policy Conference \u00ab\u00a0, conf\u00e9rence internationale sur la gouvernance mondiale, organis\u00e9e \u00e0 l&rsquo;initiative de<\/p>\n","protected":false},"author":1,"featured_media":0,"comment_status":"closed","ping_status":"open","sticky":false,"template":"","format":"standard","meta":{"footnotes":""},"categories":[4],"tags":[14],"class_list":["post-2161","post","type-post","status-publish","format-standard","hentry","category-press-review","tag-14"],"_links":{"self":[{"href":"https:\/\/www.worldpolicyconference.com\/fr\/wp-json\/wp\/v2\/posts\/2161","targetHints":{"allow":["GET"]}}],"collection":[{"href":"https:\/\/www.worldpolicyconference.com\/fr\/wp-json\/wp\/v2\/posts"}],"about":[{"href":"https:\/\/www.worldpolicyconference.com\/fr\/wp-json\/wp\/v2\/types\/post"}],"author":[{"embeddable":true,"href":"https:\/\/www.worldpolicyconference.com\/fr\/wp-json\/wp\/v2\/users\/1"}],"replies":[{"embeddable":true,"href":"https:\/\/www.worldpolicyconference.com\/fr\/wp-json\/wp\/v2\/comments?post=2161"}],"version-history":[{"count":0,"href":"https:\/\/www.worldpolicyconference.com\/fr\/wp-json\/wp\/v2\/posts\/2161\/revisions"}],"wp:attachment":[{"href":"https:\/\/www.worldpolicyconference.com\/fr\/wp-json\/wp\/v2\/media?parent=2161"}],"wp:term":[{"taxonomy":"category","embeddable":true,"href":"https:\/\/www.worldpolicyconference.com\/fr\/wp-json\/wp\/v2\/categories?post=2161"},{"taxonomy":"post_tag","embeddable":true,"href":"https:\/\/www.worldpolicyconference.com\/fr\/wp-json\/wp\/v2\/tags?post=2161"}],"curies":[{"name":"wp","href":"https:\/\/api.w.org\/{rel}","templated":true}]}}