{"id":2168,"date":"2012-12-09T00:00:00","date_gmt":"2012-12-08T23:00:00","guid":{"rendered":"http:\/\/www.worldpolicyconference.com\/berlusconi-confirma-que-se-presentara-a-las-proximas-elecciones-por-su-sentido-de-responsabilidad\/"},"modified":"2012-12-09T00:00:00","modified_gmt":"2012-12-08T23:00:00","slug":"berlusconi-confirma-que-se-presentara-a-las-proximas-elecciones-por-su-sentido-de-responsabilidad","status":"publish","type":"post","link":"https:\/\/www.worldpolicyconference.com\/fr\/berlusconi-confirma-que-se-presentara-a-las-proximas-elecciones-por-su-sentido-de-responsabilidad\/","title":{"rendered":"Berlusconi confirma que se presentar\u00e1 a las pr\u00f3ximas elecciones por su \u00ab\u00a0sentido de responsabilidad\u00a0\u00bb"},"content":{"rendered":"<p>[&#8230;] No obstante, durante su intervenci\u00f3n en el World Policy Conference de Cannes Monti asegur\u00f3 que no est\u00e1 preocupado, ya que se trata de \u00ab\u00a0una situaci\u00f3n manejable, dentro de la normalidad democr\u00e1tica del pa\u00eds\u00a0\u00bb. El presidente del Gobierno opin\u00f3 que esa retirada del apoyo por parte del PDL \u00ab\u00a0es un peque\u00f1o elemento de la din\u00e1mica pol\u00edtica, pero muy importante\u00a0\u00bb, y lo vincul\u00f3 al hecho de que se aproxima el fin de la legislatura. La reuni\u00f3n de Monti con Napolitano se produce despu\u00e9s de que ayer el presidente de la Rep\u00fablica mantuviese consultas informales con los l\u00edderes de las principales formaciones pol\u00edticas del pa\u00eds. [&#8230;]<\/p>\n","protected":false},"excerpt":{"rendered":"<p>[&#8230;] No obstante, durante su intervenci\u00f3n en el World Policy Conference de Cannes Monti asegur\u00f3 que no est\u00e1 preocupado, ya que se trata de \u00ab\u00a0una situaci\u00f3n manejable, dentro de la<\/p>\n","protected":false},"author":1,"featured_media":0,"comment_status":"closed","ping_status":"open","sticky":false,"template":"","format":"standard","meta":{"footnotes":""},"categories":[4],"tags":[14],"class_list":["post-2168","post","type-post","status-publish","format-standard","hentry","category-press-review","tag-14"],"_links":{"self":[{"href":"https:\/\/www.worldpolicyconference.com\/fr\/wp-json\/wp\/v2\/posts\/2168","targetHints":{"allow":["GET"]}}],"collection":[{"href":"https:\/\/www.worldpolicyconference.com\/fr\/wp-json\/wp\/v2\/posts"}],"about":[{"href":"https:\/\/www.worldpolicyconference.com\/fr\/wp-json\/wp\/v2\/types\/post"}],"author":[{"embeddable":true,"href":"https:\/\/www.worldpolicyconference.com\/fr\/wp-json\/wp\/v2\/users\/1"}],"replies":[{"embeddable":true,"href":"https:\/\/www.worldpolicyconference.com\/fr\/wp-json\/wp\/v2\/comments?post=2168"}],"version-history":[{"count":0,"href":"https:\/\/www.worldpolicyconference.com\/fr\/wp-json\/wp\/v2\/posts\/2168\/revisions"}],"wp:attachment":[{"href":"https:\/\/www.worldpolicyconference.com\/fr\/wp-json\/wp\/v2\/media?parent=2168"}],"wp:term":[{"taxonomy":"category","embeddable":true,"href":"https:\/\/www.worldpolicyconference.com\/fr\/wp-json\/wp\/v2\/categories?post=2168"},{"taxonomy":"post_tag","embeddable":true,"href":"https:\/\/www.worldpolicyconference.com\/fr\/wp-json\/wp\/v2\/tags?post=2168"}],"curies":[{"name":"wp","href":"https:\/\/api.w.org\/{rel}","templated":true}]}}