{"id":2176,"date":"2012-12-08T00:00:00","date_gmt":"2012-12-07T23:00:00","guid":{"rendered":"http:\/\/www.worldpolicyconference.com\/espanha-responsaveis-da-crise-bancaria-sao-os-gestores-dos-bancos-resgatados-diz-almunia\/"},"modified":"2012-12-08T00:00:00","modified_gmt":"2012-12-07T23:00:00","slug":"espanha-responsaveis-da-crise-bancaria-sao-os-gestores-dos-bancos-resgatados-diz-almunia","status":"publish","type":"post","link":"https:\/\/www.worldpolicyconference.com\/fr\/espanha-responsaveis-da-crise-bancaria-sao-os-gestores-dos-bancos-resgatados-diz-almunia\/","title":{"rendered":"Espanha: Respons\u00e1veis da crise banc\u00e1ria s\u00e3o os gestores dos bancos resgatados, diz Almunia"},"content":{"rendered":"<p>[&#8230;] Os respons\u00e1veis principais s\u00e3o os que geriram mal estes bancos ou estas cajas\u00a0\u00bb, sublinhou Almunia numa entrevista \u00e0 Efe em Cannes, onde participa no World Policy Conference, f\u00f3rum onde se debatem assuntos como a crise do euro e a situa\u00e7\u00e3o no M\u00e9dio Oriente. [&#8230;]<\/p>\n","protected":false},"excerpt":{"rendered":"<p>[&#8230;] Os respons\u00e1veis principais s\u00e3o os que geriram mal estes bancos ou estas cajas\u00a0\u00bb, sublinhou Almunia numa entrevista \u00e0 Efe em Cannes, onde participa no World Policy Conference, f\u00f3rum onde<\/p>\n","protected":false},"author":1,"featured_media":0,"comment_status":"closed","ping_status":"open","sticky":false,"template":"","format":"standard","meta":{"footnotes":""},"categories":[4],"tags":[14],"class_list":["post-2176","post","type-post","status-publish","format-standard","hentry","category-press-review","tag-14"],"_links":{"self":[{"href":"https:\/\/www.worldpolicyconference.com\/fr\/wp-json\/wp\/v2\/posts\/2176","targetHints":{"allow":["GET"]}}],"collection":[{"href":"https:\/\/www.worldpolicyconference.com\/fr\/wp-json\/wp\/v2\/posts"}],"about":[{"href":"https:\/\/www.worldpolicyconference.com\/fr\/wp-json\/wp\/v2\/types\/post"}],"author":[{"embeddable":true,"href":"https:\/\/www.worldpolicyconference.com\/fr\/wp-json\/wp\/v2\/users\/1"}],"replies":[{"embeddable":true,"href":"https:\/\/www.worldpolicyconference.com\/fr\/wp-json\/wp\/v2\/comments?post=2176"}],"version-history":[{"count":0,"href":"https:\/\/www.worldpolicyconference.com\/fr\/wp-json\/wp\/v2\/posts\/2176\/revisions"}],"wp:attachment":[{"href":"https:\/\/www.worldpolicyconference.com\/fr\/wp-json\/wp\/v2\/media?parent=2176"}],"wp:term":[{"taxonomy":"category","embeddable":true,"href":"https:\/\/www.worldpolicyconference.com\/fr\/wp-json\/wp\/v2\/categories?post=2176"},{"taxonomy":"post_tag","embeddable":true,"href":"https:\/\/www.worldpolicyconference.com\/fr\/wp-json\/wp\/v2\/tags?post=2176"}],"curies":[{"name":"wp","href":"https:\/\/api.w.org\/{rel}","templated":true}]}}