{"id":2591,"date":"2011-12-11T00:00:00","date_gmt":"2011-12-10T23:00:00","guid":{"rendered":"http:\/\/www.worldpolicyconference.com\/gul-vermied-in-wien-treffen-mit-israels-minister-barak\/"},"modified":"2011-12-11T00:00:00","modified_gmt":"2011-12-10T23:00:00","slug":"gul-vermied-in-wien-treffen-mit-israels-minister-barak","status":"publish","type":"post","link":"https:\/\/www.worldpolicyconference.com\/fr\/gul-vermied-in-wien-treffen-mit-israels-minister-barak\/","title":{"rendered":"G\u00fcl vermied in Wien Treffen mit Israels Minister Barak"},"content":{"rendered":"<p>Wien. Die politische Krise zwischen der T\u00fcrkei und Israel hat jetzt auch auf die in Wien stattfindende World Policy Conference\u00a0\u00bb Auswirkungen gehabt. Der t\u00fcrkische Pr\u00e4sident Abdullah G\u00fcl hat seine Teilnahme an einem von Bundespr\u00e4sident Heinz Fischer gegebenen Mittagessen kurzfristig ausfallen lassen, weil der israelische Verteidigungsminister Ehud Barak auch daran teilnahm.Wie ein Sprecher von G\u00fcl gegen\u00fcber der \u00ab\u00a0Presse am Sonntag\u00a0\u00bb best\u00e4tigte, wollte er auch auf keinem gemeinsamen Foto mit Barak sein. G\u00fcl unternahm stattdessen einen Spaziergang und besuchte eine Moschee.<\/p>\n","protected":false},"excerpt":{"rendered":"<p>Wien. Die politische Krise zwischen der T\u00fcrkei und Israel hat jetzt auch auf die in Wien stattfindende World Policy Conference\u00a0\u00bb Auswirkungen gehabt. Der t\u00fcrkische Pr\u00e4sident Abdullah G\u00fcl hat seine Teilnahme<\/p>\n","protected":false},"author":1,"featured_media":0,"comment_status":"closed","ping_status":"open","sticky":false,"template":"","format":"standard","meta":{"footnotes":""},"categories":[4],"tags":[17],"class_list":["post-2591","post","type-post","status-publish","format-standard","hentry","category-press-review","tag-17"],"_links":{"self":[{"href":"https:\/\/www.worldpolicyconference.com\/fr\/wp-json\/wp\/v2\/posts\/2591","targetHints":{"allow":["GET"]}}],"collection":[{"href":"https:\/\/www.worldpolicyconference.com\/fr\/wp-json\/wp\/v2\/posts"}],"about":[{"href":"https:\/\/www.worldpolicyconference.com\/fr\/wp-json\/wp\/v2\/types\/post"}],"author":[{"embeddable":true,"href":"https:\/\/www.worldpolicyconference.com\/fr\/wp-json\/wp\/v2\/users\/1"}],"replies":[{"embeddable":true,"href":"https:\/\/www.worldpolicyconference.com\/fr\/wp-json\/wp\/v2\/comments?post=2591"}],"version-history":[{"count":0,"href":"https:\/\/www.worldpolicyconference.com\/fr\/wp-json\/wp\/v2\/posts\/2591\/revisions"}],"wp:attachment":[{"href":"https:\/\/www.worldpolicyconference.com\/fr\/wp-json\/wp\/v2\/media?parent=2591"}],"wp:term":[{"taxonomy":"category","embeddable":true,"href":"https:\/\/www.worldpolicyconference.com\/fr\/wp-json\/wp\/v2\/categories?post=2591"},{"taxonomy":"post_tag","embeddable":true,"href":"https:\/\/www.worldpolicyconference.com\/fr\/wp-json\/wp\/v2\/tags?post=2591"}],"curies":[{"name":"wp","href":"https:\/\/api.w.org\/{rel}","templated":true}]}}