{"id":2593,"date":"2011-12-11T00:00:00","date_gmt":"2011-12-10T23:00:00","guid":{"rendered":"http:\/\/www.worldpolicyconference.com\/streit-turkei-israel-gul-sagt-essen-mit-fischer-ab\/"},"modified":"2011-12-11T00:00:00","modified_gmt":"2011-12-10T23:00:00","slug":"streit-turkei-israel-gul-sagt-essen-mit-fischer-ab","status":"publish","type":"post","link":"https:\/\/www.worldpolicyconference.com\/fr\/streit-turkei-israel-gul-sagt-essen-mit-fischer-ab\/","title":{"rendered":"Streit T\u00fcrkei-Israel: G\u00fcl sagt Essen mit Fischer ab"},"content":{"rendered":"<p>Der t\u00fcrkische Pr\u00e4sident soll in Wien ein Mittagessen abgesagt haben, weil daran auch der israelische Verteidigungsminister Barak teilnahm. Die israelische Delegation soll daraufhin die Konferenz vor G\u00fcls Rede verlassen haben.Die derzeit in Wien stattfindende und hochrangig besetzte World Policy Conference\u00a0\u00bb sorgt offenbar nicht in allen F\u00e4llen f\u00fcr bessere Verst\u00e4ndigung: Der t\u00fcrkische Pr\u00e4sident Abdullah G\u00fcl lie\u00df am Freitag seine Teilnahme an einem von Bundespr\u00e4sident Heinz Fischer gegebenen Mittagessen kurzfristig ausfallen. [&#8230;]<\/p>\n","protected":false},"excerpt":{"rendered":"<p>Der t\u00fcrkische Pr\u00e4sident soll in Wien ein Mittagessen abgesagt haben, weil daran auch der israelische Verteidigungsminister Barak teilnahm. Die israelische Delegation soll daraufhin die Konferenz vor G\u00fcls Rede verlassen haben.Die<\/p>\n","protected":false},"author":1,"featured_media":0,"comment_status":"closed","ping_status":"open","sticky":false,"template":"","format":"standard","meta":{"footnotes":""},"categories":[4],"tags":[17],"class_list":["post-2593","post","type-post","status-publish","format-standard","hentry","category-press-review","tag-17"],"_links":{"self":[{"href":"https:\/\/www.worldpolicyconference.com\/fr\/wp-json\/wp\/v2\/posts\/2593","targetHints":{"allow":["GET"]}}],"collection":[{"href":"https:\/\/www.worldpolicyconference.com\/fr\/wp-json\/wp\/v2\/posts"}],"about":[{"href":"https:\/\/www.worldpolicyconference.com\/fr\/wp-json\/wp\/v2\/types\/post"}],"author":[{"embeddable":true,"href":"https:\/\/www.worldpolicyconference.com\/fr\/wp-json\/wp\/v2\/users\/1"}],"replies":[{"embeddable":true,"href":"https:\/\/www.worldpolicyconference.com\/fr\/wp-json\/wp\/v2\/comments?post=2593"}],"version-history":[{"count":0,"href":"https:\/\/www.worldpolicyconference.com\/fr\/wp-json\/wp\/v2\/posts\/2593\/revisions"}],"wp:attachment":[{"href":"https:\/\/www.worldpolicyconference.com\/fr\/wp-json\/wp\/v2\/media?parent=2593"}],"wp:term":[{"taxonomy":"category","embeddable":true,"href":"https:\/\/www.worldpolicyconference.com\/fr\/wp-json\/wp\/v2\/categories?post=2593"},{"taxonomy":"post_tag","embeddable":true,"href":"https:\/\/www.worldpolicyconference.com\/fr\/wp-json\/wp\/v2\/tags?post=2593"}],"curies":[{"name":"wp","href":"https:\/\/api.w.org\/{rel}","templated":true}]}}