{"id":2595,"date":"2011-12-09T00:00:00","date_gmt":"2011-12-08T23:00:00","guid":{"rendered":"http:\/\/www.worldpolicyconference.com\/gul-van-rompuy-und-tadic-ab-freitag-in-wien\/"},"modified":"2011-12-09T00:00:00","modified_gmt":"2011-12-08T23:00:00","slug":"gul-van-rompuy-und-tadic-ab-freitag-in-wien","status":"publish","type":"post","link":"https:\/\/www.worldpolicyconference.com\/fr\/gul-van-rompuy-und-tadic-ab-freitag-in-wien\/","title":{"rendered":"G\u00fcl, Van Rompuy und Tadic ab Freitag in Wien"},"content":{"rendered":"<p>Am Freitag beginnt in Wien die World Policy Conference. Hochrangige Politiker, Kirchenf\u00fchrer, Experten und Wirtschaftsvertreter diskutieren bis Sonntag im Konferenzzentrum der Hofburg globale Herangehensweise auf eine breite Palette aktueller Themen.Erwartet werden unter den rund 150 offiziellen Teilnehmern der internationalen Konferenz neben anderen EU-Ratspr\u00e4sident van Rompuy, der t\u00fcrkische Staatspr\u00e4sident G\u00fcl, Serbiens Pr\u00e4sident Tadic, der \u00f6kumenische Patriarch Bartholomaios I. von Konstantinopel, Bundespr\u00e4sident Fischer, sowie Amr Moussa, fr\u00fcherer Generalsekret\u00e4r der Arabischen Liga und \u00e4gyptischer Pr\u00e4sidentschaftskandidat. [&#8230;]<\/p>\n","protected":false},"excerpt":{"rendered":"<p>Am Freitag beginnt in Wien die World Policy Conference. Hochrangige Politiker, Kirchenf\u00fchrer, Experten und Wirtschaftsvertreter diskutieren bis Sonntag im Konferenzzentrum der Hofburg globale Herangehensweise auf eine breite Palette aktueller Themen.Erwartet<\/p>\n","protected":false},"author":1,"featured_media":0,"comment_status":"closed","ping_status":"open","sticky":false,"template":"","format":"standard","meta":{"footnotes":""},"categories":[4],"tags":[17],"class_list":["post-2595","post","type-post","status-publish","format-standard","hentry","category-press-review","tag-17"],"_links":{"self":[{"href":"https:\/\/www.worldpolicyconference.com\/fr\/wp-json\/wp\/v2\/posts\/2595","targetHints":{"allow":["GET"]}}],"collection":[{"href":"https:\/\/www.worldpolicyconference.com\/fr\/wp-json\/wp\/v2\/posts"}],"about":[{"href":"https:\/\/www.worldpolicyconference.com\/fr\/wp-json\/wp\/v2\/types\/post"}],"author":[{"embeddable":true,"href":"https:\/\/www.worldpolicyconference.com\/fr\/wp-json\/wp\/v2\/users\/1"}],"replies":[{"embeddable":true,"href":"https:\/\/www.worldpolicyconference.com\/fr\/wp-json\/wp\/v2\/comments?post=2595"}],"version-history":[{"count":0,"href":"https:\/\/www.worldpolicyconference.com\/fr\/wp-json\/wp\/v2\/posts\/2595\/revisions"}],"wp:attachment":[{"href":"https:\/\/www.worldpolicyconference.com\/fr\/wp-json\/wp\/v2\/media?parent=2595"}],"wp:term":[{"taxonomy":"category","embeddable":true,"href":"https:\/\/www.worldpolicyconference.com\/fr\/wp-json\/wp\/v2\/categories?post=2595"},{"taxonomy":"post_tag","embeddable":true,"href":"https:\/\/www.worldpolicyconference.com\/fr\/wp-json\/wp\/v2\/tags?post=2595"}],"curies":[{"name":"wp","href":"https:\/\/api.w.org\/{rel}","templated":true}]}}