{"id":2597,"date":"2011-12-09T00:00:00","date_gmt":"2011-12-08T23:00:00","guid":{"rendered":"http:\/\/www.worldpolicyconference.com\/world-policy-conference-in-wien\/"},"modified":"2011-12-09T00:00:00","modified_gmt":"2011-12-08T23:00:00","slug":"world-policy-conference-in-wien","status":"publish","type":"post","link":"https:\/\/www.worldpolicyconference.com\/fr\/world-policy-conference-in-wien\/","title":{"rendered":"World Policy Conference in Wien"},"content":{"rendered":"<p>In Wien hat Freitagnachmittag die hochkar\u00e4tig besetzte \u00ab\u00a0World Policy Conference\u00a0\u00bb begonnen. Auch EU-Ratspr\u00e4sident Van Rompuy hat sich angesagt.Unter den rund 150 offiziellen Teilnehmern der dreit\u00e4gigen Veranstaltung befinden sich u.a.Bundespr\u00e4sident Fischer, der t\u00fcrkische Staatschef G\u00fcl, der \u00f6kumenische Patriarch Bartholomaios I. von Konstantinopel oder Israels Verteidigungsminister Barak.Vor Beginn der Konferenz empfing Fischer den israelischen stellvertretenden Ministerpr\u00e4sidenten Barak. [&#8230;]<\/p>\n","protected":false},"excerpt":{"rendered":"<p>In Wien hat Freitagnachmittag die hochkar\u00e4tig besetzte \u00ab\u00a0World Policy Conference\u00a0\u00bb begonnen. Auch EU-Ratspr\u00e4sident Van Rompuy hat sich angesagt.Unter den rund 150 offiziellen Teilnehmern der dreit\u00e4gigen Veranstaltung befinden sich u.a.Bundespr\u00e4sident Fischer,<\/p>\n","protected":false},"author":1,"featured_media":0,"comment_status":"closed","ping_status":"open","sticky":false,"template":"","format":"standard","meta":{"footnotes":""},"categories":[4],"tags":[17],"class_list":["post-2597","post","type-post","status-publish","format-standard","hentry","category-press-review","tag-17"],"_links":{"self":[{"href":"https:\/\/www.worldpolicyconference.com\/fr\/wp-json\/wp\/v2\/posts\/2597","targetHints":{"allow":["GET"]}}],"collection":[{"href":"https:\/\/www.worldpolicyconference.com\/fr\/wp-json\/wp\/v2\/posts"}],"about":[{"href":"https:\/\/www.worldpolicyconference.com\/fr\/wp-json\/wp\/v2\/types\/post"}],"author":[{"embeddable":true,"href":"https:\/\/www.worldpolicyconference.com\/fr\/wp-json\/wp\/v2\/users\/1"}],"replies":[{"embeddable":true,"href":"https:\/\/www.worldpolicyconference.com\/fr\/wp-json\/wp\/v2\/comments?post=2597"}],"version-history":[{"count":0,"href":"https:\/\/www.worldpolicyconference.com\/fr\/wp-json\/wp\/v2\/posts\/2597\/revisions"}],"wp:attachment":[{"href":"https:\/\/www.worldpolicyconference.com\/fr\/wp-json\/wp\/v2\/media?parent=2597"}],"wp:term":[{"taxonomy":"category","embeddable":true,"href":"https:\/\/www.worldpolicyconference.com\/fr\/wp-json\/wp\/v2\/categories?post=2597"},{"taxonomy":"post_tag","embeddable":true,"href":"https:\/\/www.worldpolicyconference.com\/fr\/wp-json\/wp\/v2\/tags?post=2597"}],"curies":[{"name":"wp","href":"https:\/\/api.w.org\/{rel}","templated":true}]}}