{"id":2602,"date":"2011-12-10T00:00:00","date_gmt":"2011-12-09T23:00:00","guid":{"rendered":"http:\/\/www.worldpolicyconference.com\/gul-und-barak-fuhren-in-wien-polit-posse-auf\/"},"modified":"2011-12-10T00:00:00","modified_gmt":"2011-12-09T23:00:00","slug":"gul-und-barak-fuhren-in-wien-polit-posse-auf","status":"publish","type":"post","link":"https:\/\/www.worldpolicyconference.com\/fr\/gul-und-barak-fuhren-in-wien-polit-posse-auf\/","title":{"rendered":"G\u00fcl und Barak f\u00fchren in Wien Polit-Posse auf"},"content":{"rendered":"<p>Wie die Kinder haben sich der t\u00fcrkische Staatspr\u00e4sident Abdullah G\u00fcl (links) und Israels Verteidigungsminister Ehud Barak (rechts) in Wien benommen. Beide waren Teilnehmer der hochkar\u00e4tig besetzten World Policy Conference\u00a0\u00bb, die seit Freitag in der Hofburg stattfindet. Als es zu einem gemeinsamen Mittagessen kommen sollte, seilte sich G\u00fcl kurzerhand zu einem Spaziergang ab. Barak revanchierte sich sp\u00e4ter, indem er die Konferenz vor G\u00fcls Rede verlie\u00df. [&#8230;]<\/p>\n","protected":false},"excerpt":{"rendered":"<p>Wie die Kinder haben sich der t\u00fcrkische Staatspr\u00e4sident Abdullah G\u00fcl (links) und Israels Verteidigungsminister Ehud Barak (rechts) in Wien benommen. Beide waren Teilnehmer der hochkar\u00e4tig besetzten World Policy Conference\u00a0\u00bb, die<\/p>\n","protected":false},"author":1,"featured_media":0,"comment_status":"closed","ping_status":"open","sticky":false,"template":"","format":"standard","meta":{"footnotes":""},"categories":[4],"tags":[17],"class_list":["post-2602","post","type-post","status-publish","format-standard","hentry","category-press-review","tag-17"],"_links":{"self":[{"href":"https:\/\/www.worldpolicyconference.com\/fr\/wp-json\/wp\/v2\/posts\/2602","targetHints":{"allow":["GET"]}}],"collection":[{"href":"https:\/\/www.worldpolicyconference.com\/fr\/wp-json\/wp\/v2\/posts"}],"about":[{"href":"https:\/\/www.worldpolicyconference.com\/fr\/wp-json\/wp\/v2\/types\/post"}],"author":[{"embeddable":true,"href":"https:\/\/www.worldpolicyconference.com\/fr\/wp-json\/wp\/v2\/users\/1"}],"replies":[{"embeddable":true,"href":"https:\/\/www.worldpolicyconference.com\/fr\/wp-json\/wp\/v2\/comments?post=2602"}],"version-history":[{"count":0,"href":"https:\/\/www.worldpolicyconference.com\/fr\/wp-json\/wp\/v2\/posts\/2602\/revisions"}],"wp:attachment":[{"href":"https:\/\/www.worldpolicyconference.com\/fr\/wp-json\/wp\/v2\/media?parent=2602"}],"wp:term":[{"taxonomy":"category","embeddable":true,"href":"https:\/\/www.worldpolicyconference.com\/fr\/wp-json\/wp\/v2\/categories?post=2602"},{"taxonomy":"post_tag","embeddable":true,"href":"https:\/\/www.worldpolicyconference.com\/fr\/wp-json\/wp\/v2\/tags?post=2602"}],"curies":[{"name":"wp","href":"https:\/\/api.w.org\/{rel}","templated":true}]}}