{"id":2603,"date":"2011-12-12T00:00:00","date_gmt":"2011-12-11T23:00:00","guid":{"rendered":"http:\/\/www.worldpolicyconference.com\/ehud-barak-sturz-assads-segen-fur-nahost\/"},"modified":"2011-12-12T00:00:00","modified_gmt":"2011-12-11T23:00:00","slug":"ehud-barak-sturz-assads-segen-fur-nahost","status":"publish","type":"post","link":"https:\/\/www.worldpolicyconference.com\/fr\/ehud-barak-sturz-assads-segen-fur-nahost\/","title":{"rendered":"Ehud Barak: Sturz Assads Segen f\u00fcr Nahost"},"content":{"rendered":"<p>Die Familie Assad ist dem Untergang geweiht und niemand wei\u00df, was nachher passiert, sagte der israelische Verteidigungsminister Ehud Barak am Sonntag im Gespr\u00e4ch mit dem Chef der New York Times in Paris, Steven Erlanger, auf der \u00ab\u00a0World Policy Conference\u00a0\u00bb in der Wiener Hofburg. Ein Sturz Assads w\u00e4re ein Segen f\u00fcr den Nahen Osten. Mit der Familie Assad stimmt etwas nicht. Dass Israel in Folge attackiert werde, bezweifelte Barak. [&#8230;]<\/p>\n","protected":false},"excerpt":{"rendered":"<p>Die Familie Assad ist dem Untergang geweiht und niemand wei\u00df, was nachher passiert, sagte der israelische Verteidigungsminister Ehud Barak am Sonntag im Gespr\u00e4ch mit dem Chef der New York Times<\/p>\n","protected":false},"author":1,"featured_media":0,"comment_status":"closed","ping_status":"open","sticky":false,"template":"","format":"standard","meta":{"footnotes":""},"categories":[4],"tags":[17],"class_list":["post-2603","post","type-post","status-publish","format-standard","hentry","category-press-review","tag-17"],"_links":{"self":[{"href":"https:\/\/www.worldpolicyconference.com\/fr\/wp-json\/wp\/v2\/posts\/2603","targetHints":{"allow":["GET"]}}],"collection":[{"href":"https:\/\/www.worldpolicyconference.com\/fr\/wp-json\/wp\/v2\/posts"}],"about":[{"href":"https:\/\/www.worldpolicyconference.com\/fr\/wp-json\/wp\/v2\/types\/post"}],"author":[{"embeddable":true,"href":"https:\/\/www.worldpolicyconference.com\/fr\/wp-json\/wp\/v2\/users\/1"}],"replies":[{"embeddable":true,"href":"https:\/\/www.worldpolicyconference.com\/fr\/wp-json\/wp\/v2\/comments?post=2603"}],"version-history":[{"count":0,"href":"https:\/\/www.worldpolicyconference.com\/fr\/wp-json\/wp\/v2\/posts\/2603\/revisions"}],"wp:attachment":[{"href":"https:\/\/www.worldpolicyconference.com\/fr\/wp-json\/wp\/v2\/media?parent=2603"}],"wp:term":[{"taxonomy":"category","embeddable":true,"href":"https:\/\/www.worldpolicyconference.com\/fr\/wp-json\/wp\/v2\/categories?post=2603"},{"taxonomy":"post_tag","embeddable":true,"href":"https:\/\/www.worldpolicyconference.com\/fr\/wp-json\/wp\/v2\/tags?post=2603"}],"curies":[{"name":"wp","href":"https:\/\/api.w.org\/{rel}","templated":true}]}}