{"id":2628,"date":"2011-12-02T00:00:00","date_gmt":"2011-12-01T23:00:00","guid":{"rendered":"http:\/\/www.worldpolicyconference.com\/bartholomaios-in-wien\/"},"modified":"2011-12-02T00:00:00","modified_gmt":"2011-12-01T23:00:00","slug":"bartholomaios-in-wien","status":"publish","type":"post","link":"https:\/\/www.worldpolicyconference.com\/fr\/bartholomaios-in-wien\/","title":{"rendered":"Bartholomaios in Wien"},"content":{"rendered":"<p>[&#8230;] Der \u00f6kumenische Patriarch Bartholomaios I. besucht von 8. bis 11. Dezember Wien. Offizieller Anlass f\u00fcr den Besuch des Oberhaupts der orthodoxen Kirche in der Bundeshauptstadt ist die Teilnahme an der diesj\u00e4hrigen \u00ab\u00a0World Policy Conference\u00a0\u00bb, die im Konferenzzentrum der Hofburg stattfindet. Am Sonntag, 11. Dezember, wird der \u00f6kumenische Patriarch um 10 Uhr in der Wiener orthodoxen Dreifaltigkeitskathedrale am Fleischmarkt die \u00ab\u00a0G\u00f6ttliche Liturgie\u00a0\u00bb zelebrieren. [&#8230;]<\/p>\n","protected":false},"excerpt":{"rendered":"<p>[&#8230;] Der \u00f6kumenische Patriarch Bartholomaios I. besucht von 8. bis 11. Dezember Wien. Offizieller Anlass f\u00fcr den Besuch des Oberhaupts der orthodoxen Kirche in der Bundeshauptstadt ist die Teilnahme an<\/p>\n","protected":false},"author":1,"featured_media":0,"comment_status":"closed","ping_status":"open","sticky":false,"template":"","format":"standard","meta":{"footnotes":""},"categories":[4],"tags":[17],"class_list":["post-2628","post","type-post","status-publish","format-standard","hentry","category-press-review","tag-17"],"_links":{"self":[{"href":"https:\/\/www.worldpolicyconference.com\/fr\/wp-json\/wp\/v2\/posts\/2628","targetHints":{"allow":["GET"]}}],"collection":[{"href":"https:\/\/www.worldpolicyconference.com\/fr\/wp-json\/wp\/v2\/posts"}],"about":[{"href":"https:\/\/www.worldpolicyconference.com\/fr\/wp-json\/wp\/v2\/types\/post"}],"author":[{"embeddable":true,"href":"https:\/\/www.worldpolicyconference.com\/fr\/wp-json\/wp\/v2\/users\/1"}],"replies":[{"embeddable":true,"href":"https:\/\/www.worldpolicyconference.com\/fr\/wp-json\/wp\/v2\/comments?post=2628"}],"version-history":[{"count":0,"href":"https:\/\/www.worldpolicyconference.com\/fr\/wp-json\/wp\/v2\/posts\/2628\/revisions"}],"wp:attachment":[{"href":"https:\/\/www.worldpolicyconference.com\/fr\/wp-json\/wp\/v2\/media?parent=2628"}],"wp:term":[{"taxonomy":"category","embeddable":true,"href":"https:\/\/www.worldpolicyconference.com\/fr\/wp-json\/wp\/v2\/categories?post=2628"},{"taxonomy":"post_tag","embeddable":true,"href":"https:\/\/www.worldpolicyconference.com\/fr\/wp-json\/wp\/v2\/tags?post=2628"}],"curies":[{"name":"wp","href":"https:\/\/api.w.org\/{rel}","templated":true}]}}