{"id":2633,"date":"2011-12-09T00:00:00","date_gmt":"2011-12-08T23:00:00","guid":{"rendered":"http:\/\/www.worldpolicyconference.com\/vorweihnachtlicher-okumenegipfel-zwischen-schonborn-und-bartholomaios-i\/"},"modified":"2011-12-09T00:00:00","modified_gmt":"2011-12-08T23:00:00","slug":"vorweihnachtlicher-okumenegipfel-zwischen-schonborn-und-bartholomaios-i","status":"publish","type":"post","link":"https:\/\/www.worldpolicyconference.com\/fr\/vorweihnachtlicher-okumenegipfel-zwischen-schonborn-und-bartholomaios-i\/","title":{"rendered":"Vorweihnachtlicher \u00f6kumenegipfel zwischen Sch\u00f6nborn und Bartholomaios I."},"content":{"rendered":"<p>[&#8230;] Im Vorfeld der Konferenz fand am Freitagvormittag in Wien ein hochkar\u00e4tiges vorweihnachtliches \u00f6kumene-Gespr\u00e4ch zwischen Kardinal Christoph Sch\u00f6nborn und dem \u00f6kumenischen Patriarchen Bartholomaios I. statt. Der \u00f6kumenische Patriarch feiert nach Abschluss der Hofburg-Konferenz am Sonntag, 11. Dezember, um 10 Uhr in der orthodoxen Dreifaltigkeitskathedrale am Fleischmarkt in Wien die G\u00f6ttliche Liturgie\u00a0\u00bb. Eine Woche zuvor war in der gleichen Kirche der neue griechisch-orthodoxe Metropolit von Austria, Arsenios Kardamakis, inthronisiert worden. [&#8230;]<\/p>\n","protected":false},"excerpt":{"rendered":"<p>[&#8230;] Im Vorfeld der Konferenz fand am Freitagvormittag in Wien ein hochkar\u00e4tiges vorweihnachtliches \u00f6kumene-Gespr\u00e4ch zwischen Kardinal Christoph Sch\u00f6nborn und dem \u00f6kumenischen Patriarchen Bartholomaios I. statt. Der \u00f6kumenische Patriarch feiert nach<\/p>\n","protected":false},"author":1,"featured_media":0,"comment_status":"closed","ping_status":"open","sticky":false,"template":"","format":"standard","meta":{"footnotes":""},"categories":[4],"tags":[17],"class_list":["post-2633","post","type-post","status-publish","format-standard","hentry","category-press-review","tag-17"],"_links":{"self":[{"href":"https:\/\/www.worldpolicyconference.com\/fr\/wp-json\/wp\/v2\/posts\/2633","targetHints":{"allow":["GET"]}}],"collection":[{"href":"https:\/\/www.worldpolicyconference.com\/fr\/wp-json\/wp\/v2\/posts"}],"about":[{"href":"https:\/\/www.worldpolicyconference.com\/fr\/wp-json\/wp\/v2\/types\/post"}],"author":[{"embeddable":true,"href":"https:\/\/www.worldpolicyconference.com\/fr\/wp-json\/wp\/v2\/users\/1"}],"replies":[{"embeddable":true,"href":"https:\/\/www.worldpolicyconference.com\/fr\/wp-json\/wp\/v2\/comments?post=2633"}],"version-history":[{"count":0,"href":"https:\/\/www.worldpolicyconference.com\/fr\/wp-json\/wp\/v2\/posts\/2633\/revisions"}],"wp:attachment":[{"href":"https:\/\/www.worldpolicyconference.com\/fr\/wp-json\/wp\/v2\/media?parent=2633"}],"wp:term":[{"taxonomy":"category","embeddable":true,"href":"https:\/\/www.worldpolicyconference.com\/fr\/wp-json\/wp\/v2\/categories?post=2633"},{"taxonomy":"post_tag","embeddable":true,"href":"https:\/\/www.worldpolicyconference.com\/fr\/wp-json\/wp\/v2\/tags?post=2633"}],"curies":[{"name":"wp","href":"https:\/\/api.w.org\/{rel}","templated":true}]}}