{"id":2638,"date":"2011-12-09T00:00:00","date_gmt":"2011-12-08T23:00:00","guid":{"rendered":"http:\/\/www.worldpolicyconference.com\/heinz-fischer-empfing-israels-verteidigungsminister-ehud-barak\/"},"modified":"2011-12-09T00:00:00","modified_gmt":"2011-12-08T23:00:00","slug":"heinz-fischer-empfing-israels-verteidigungsminister-ehud-barak","status":"publish","type":"post","link":"https:\/\/www.worldpolicyconference.com\/fr\/heinz-fischer-empfing-israels-verteidigungsminister-ehud-barak\/","title":{"rendered":"Heinz Fischer empfing Israels Verteidigungsminister Ehud Barak"},"content":{"rendered":"<p>[&#8230;] Bundespr\u00e4sident Heinz Fischer hat am Freitag den israelischen Verteidigungsminister und stellvertretenden Ministerpr\u00e4sidenten Ehud Barak, der derzeit an der World Policy Conference\u00a0\u00bb in Wien teilnimmt, zu einer Unterredung empfangen. Thema des Gespr\u00e4chs waren die aktuelle Lage im Nahen Osten und m\u00f6gliche Fortschritte bei den Friedensbem\u00fchungen. [&#8230;]<\/p>\n","protected":false},"excerpt":{"rendered":"<p>[&#8230;] Bundespr\u00e4sident Heinz Fischer hat am Freitag den israelischen Verteidigungsminister und stellvertretenden Ministerpr\u00e4sidenten Ehud Barak, der derzeit an der World Policy Conference\u00a0\u00bb in Wien teilnimmt, zu einer Unterredung empfangen. Thema<\/p>\n","protected":false},"author":1,"featured_media":0,"comment_status":"closed","ping_status":"open","sticky":false,"template":"","format":"standard","meta":{"footnotes":""},"categories":[4],"tags":[17],"class_list":["post-2638","post","type-post","status-publish","format-standard","hentry","category-press-review","tag-17"],"_links":{"self":[{"href":"https:\/\/www.worldpolicyconference.com\/fr\/wp-json\/wp\/v2\/posts\/2638","targetHints":{"allow":["GET"]}}],"collection":[{"href":"https:\/\/www.worldpolicyconference.com\/fr\/wp-json\/wp\/v2\/posts"}],"about":[{"href":"https:\/\/www.worldpolicyconference.com\/fr\/wp-json\/wp\/v2\/types\/post"}],"author":[{"embeddable":true,"href":"https:\/\/www.worldpolicyconference.com\/fr\/wp-json\/wp\/v2\/users\/1"}],"replies":[{"embeddable":true,"href":"https:\/\/www.worldpolicyconference.com\/fr\/wp-json\/wp\/v2\/comments?post=2638"}],"version-history":[{"count":0,"href":"https:\/\/www.worldpolicyconference.com\/fr\/wp-json\/wp\/v2\/posts\/2638\/revisions"}],"wp:attachment":[{"href":"https:\/\/www.worldpolicyconference.com\/fr\/wp-json\/wp\/v2\/media?parent=2638"}],"wp:term":[{"taxonomy":"category","embeddable":true,"href":"https:\/\/www.worldpolicyconference.com\/fr\/wp-json\/wp\/v2\/categories?post=2638"},{"taxonomy":"post_tag","embeddable":true,"href":"https:\/\/www.worldpolicyconference.com\/fr\/wp-json\/wp\/v2\/tags?post=2638"}],"curies":[{"name":"wp","href":"https:\/\/api.w.org\/{rel}","templated":true}]}}