{"id":2639,"date":"2011-12-09T00:00:00","date_gmt":"2011-12-08T23:00:00","guid":{"rendered":"http:\/\/www.worldpolicyconference.com\/bundesprasident-bei-der-world-policy-conference-2011\/"},"modified":"2011-12-09T00:00:00","modified_gmt":"2011-12-08T23:00:00","slug":"bundesprasident-bei-der-world-policy-conference-2011","status":"publish","type":"post","link":"https:\/\/www.worldpolicyconference.com\/fr\/bundesprasident-bei-der-world-policy-conference-2011\/","title":{"rendered":"Bundespr\u00e4sident bei der World Policy Conference 2011&Prime;"},"content":{"rendered":"<p>Bei der Konferenz vom 9. bis 11. Dezember 2011 werden jene Themen diskutiert, die f\u00fcr eine \u00ab\u00a0gute Regierungsf\u00fchrung\u00a0\u00bb (\u00ab\u00a0good governance\u00a0\u00bb) von zentraler Bedeutung sind. Auf der Tagesordnung stehen daher internationale Herausforderungen wie der \u00ab\u00a0Arabische Fr\u00fchling\u00a0\u00bb, die Zukunft Europas, die Ver\u00e4nderungen auf dem afrikanischen Kontient, die Zusammenarbeit der f\u00fchrenden Industrienationen&#8230; Bundspr\u00e4sdient Heinz Fischer wird ebnfalls eine Rede halten. [&#8230;]<\/p>\n","protected":false},"excerpt":{"rendered":"<p>Bei der Konferenz vom 9. bis 11. Dezember 2011 werden jene Themen diskutiert, die f\u00fcr eine \u00ab\u00a0gute Regierungsf\u00fchrung\u00a0\u00bb (\u00ab\u00a0good governance\u00a0\u00bb) von zentraler Bedeutung sind. Auf der Tagesordnung stehen daher internationale<\/p>\n","protected":false},"author":1,"featured_media":0,"comment_status":"closed","ping_status":"open","sticky":false,"template":"","format":"standard","meta":{"footnotes":""},"categories":[4],"tags":[17],"class_list":["post-2639","post","type-post","status-publish","format-standard","hentry","category-press-review","tag-17"],"_links":{"self":[{"href":"https:\/\/www.worldpolicyconference.com\/fr\/wp-json\/wp\/v2\/posts\/2639","targetHints":{"allow":["GET"]}}],"collection":[{"href":"https:\/\/www.worldpolicyconference.com\/fr\/wp-json\/wp\/v2\/posts"}],"about":[{"href":"https:\/\/www.worldpolicyconference.com\/fr\/wp-json\/wp\/v2\/types\/post"}],"author":[{"embeddable":true,"href":"https:\/\/www.worldpolicyconference.com\/fr\/wp-json\/wp\/v2\/users\/1"}],"replies":[{"embeddable":true,"href":"https:\/\/www.worldpolicyconference.com\/fr\/wp-json\/wp\/v2\/comments?post=2639"}],"version-history":[{"count":0,"href":"https:\/\/www.worldpolicyconference.com\/fr\/wp-json\/wp\/v2\/posts\/2639\/revisions"}],"wp:attachment":[{"href":"https:\/\/www.worldpolicyconference.com\/fr\/wp-json\/wp\/v2\/media?parent=2639"}],"wp:term":[{"taxonomy":"category","embeddable":true,"href":"https:\/\/www.worldpolicyconference.com\/fr\/wp-json\/wp\/v2\/categories?post=2639"},{"taxonomy":"post_tag","embeddable":true,"href":"https:\/\/www.worldpolicyconference.com\/fr\/wp-json\/wp\/v2\/tags?post=2639"}],"curies":[{"name":"wp","href":"https:\/\/api.w.org\/{rel}","templated":true}]}}