{"id":2645,"date":"2011-12-08T00:00:00","date_gmt":"2011-12-07T23:00:00","guid":{"rendered":"http:\/\/www.worldpolicyconference.com\/presidente-gul-vuela-hoy-a-austria\/"},"modified":"2011-12-08T00:00:00","modified_gmt":"2011-12-07T23:00:00","slug":"presidente-gul-vuela-hoy-a-austria","status":"publish","type":"post","link":"https:\/\/www.worldpolicyconference.com\/fr\/presidente-gul-vuela-hoy-a-austria\/","title":{"rendered":"Presidente G\u00fcl vuela hoy a Austria"},"content":{"rendered":"<p>[&#8230;] El Mandatario turco, Abdullah G\u00fcl, viaja hoy a Austria.El Presidente G\u00fcl asistir\u00e1 ma\u00f1ana, viernes, a la sesi\u00f3n de inauguraci\u00f3n de la Cuarta Edici\u00f3n de la Conferencia Mundial de la Pol\u00edtica en la capital austr\u00edaca de Viena.El Mandatario Abdullah G\u00fcl llevar\u00e1 a cabo entre los d\u00edas 8 y 9 de diciembre una visita oficial a Austria con el fin de acudir a la sesi\u00f3n de inauguraci\u00f3n de la 4\u00aa Conferencia Mundial de la Pol\u00edtica en Viena, aceptando la invitaci\u00f3n de su hom\u00f3logo austriaco, Heinz Fischer, seg\u00fan la declaraci\u00f3n escrita de la Sede de la Prensa de la Presidencia. [&#8230;]<\/p>\n","protected":false},"excerpt":{"rendered":"<p>[&#8230;] El Mandatario turco, Abdullah G\u00fcl, viaja hoy a Austria.El Presidente G\u00fcl asistir\u00e1 ma\u00f1ana, viernes, a la sesi\u00f3n de inauguraci\u00f3n de la Cuarta Edici\u00f3n de la Conferencia Mundial de la<\/p>\n","protected":false},"author":1,"featured_media":0,"comment_status":"closed","ping_status":"open","sticky":false,"template":"","format":"standard","meta":{"footnotes":""},"categories":[4],"tags":[17],"class_list":["post-2645","post","type-post","status-publish","format-standard","hentry","category-press-review","tag-17"],"_links":{"self":[{"href":"https:\/\/www.worldpolicyconference.com\/fr\/wp-json\/wp\/v2\/posts\/2645","targetHints":{"allow":["GET"]}}],"collection":[{"href":"https:\/\/www.worldpolicyconference.com\/fr\/wp-json\/wp\/v2\/posts"}],"about":[{"href":"https:\/\/www.worldpolicyconference.com\/fr\/wp-json\/wp\/v2\/types\/post"}],"author":[{"embeddable":true,"href":"https:\/\/www.worldpolicyconference.com\/fr\/wp-json\/wp\/v2\/users\/1"}],"replies":[{"embeddable":true,"href":"https:\/\/www.worldpolicyconference.com\/fr\/wp-json\/wp\/v2\/comments?post=2645"}],"version-history":[{"count":0,"href":"https:\/\/www.worldpolicyconference.com\/fr\/wp-json\/wp\/v2\/posts\/2645\/revisions"}],"wp:attachment":[{"href":"https:\/\/www.worldpolicyconference.com\/fr\/wp-json\/wp\/v2\/media?parent=2645"}],"wp:term":[{"taxonomy":"category","embeddable":true,"href":"https:\/\/www.worldpolicyconference.com\/fr\/wp-json\/wp\/v2\/categories?post=2645"},{"taxonomy":"post_tag","embeddable":true,"href":"https:\/\/www.worldpolicyconference.com\/fr\/wp-json\/wp\/v2\/tags?post=2645"}],"curies":[{"name":"wp","href":"https:\/\/api.w.org\/{rel}","templated":true}]}}