{"id":2649,"date":"2011-12-08T00:00:00","date_gmt":"2011-12-07T23:00:00","guid":{"rendered":"http:\/\/www.worldpolicyconference.com\/gul-viyanada-dunya-siyasetinin-kalbinin-atacagi-programi-acacak\/"},"modified":"2011-12-08T00:00:00","modified_gmt":"2011-12-07T23:00:00","slug":"gul-viyanada-dunya-siyasetinin-kalbinin-atacagi-programi-acacak","status":"publish","type":"post","link":"https:\/\/www.worldpolicyconference.com\/fr\/gul-viyanada-dunya-siyasetinin-kalbinin-atacagi-programi-acacak\/","title":{"rendered":"G\u00fcl, Viyana&rsquo;da d\u00fcnya siyasetinin kalbinin ataca\u011f\u0131 program\u0131 a\u00e7acak"},"content":{"rendered":"<p>Frans\u0131z Uluslararas\u0131 \u0130li\u015fkiler Enstit\u00fcs\u00fc (IFRI) taraf\u0131ndan d\u00fczenlenen D\u00f6rd\u00fcnc\u00fc D\u00fcnya Siyaset Konferans\u0131&rsquo;n\u0131n a\u00e7\u0131l\u0131\u015f\u0131n\u0131 yapmak \u00fczere 8-9 Aral\u0131k tarihlerinde iki g\u00fcnl\u00fc\u011f\u00fcne Viyana&rsquo;ya gelecek olan Cumhurba\u015fkan\u0131 Abdullah G\u00fcl, se\u00e7kin bir toplulu\u011fa hitap edecek. [&#8230;]<\/p>\n","protected":false},"excerpt":{"rendered":"<p>Frans\u0131z Uluslararas\u0131 \u0130li\u015fkiler Enstit\u00fcs\u00fc (IFRI) taraf\u0131ndan d\u00fczenlenen D\u00f6rd\u00fcnc\u00fc D\u00fcnya Siyaset Konferans\u0131&rsquo;n\u0131n a\u00e7\u0131l\u0131\u015f\u0131n\u0131 yapmak \u00fczere 8-9 Aral\u0131k tarihlerinde iki g\u00fcnl\u00fc\u011f\u00fcne Viyana&rsquo;ya gelecek olan Cumhurba\u015fkan\u0131 Abdullah G\u00fcl, se\u00e7kin bir toplulu\u011fa hitap edecek.<\/p>\n","protected":false},"author":1,"featured_media":0,"comment_status":"closed","ping_status":"open","sticky":false,"template":"","format":"standard","meta":{"footnotes":""},"categories":[4],"tags":[17],"class_list":["post-2649","post","type-post","status-publish","format-standard","hentry","category-press-review","tag-17"],"_links":{"self":[{"href":"https:\/\/www.worldpolicyconference.com\/fr\/wp-json\/wp\/v2\/posts\/2649","targetHints":{"allow":["GET"]}}],"collection":[{"href":"https:\/\/www.worldpolicyconference.com\/fr\/wp-json\/wp\/v2\/posts"}],"about":[{"href":"https:\/\/www.worldpolicyconference.com\/fr\/wp-json\/wp\/v2\/types\/post"}],"author":[{"embeddable":true,"href":"https:\/\/www.worldpolicyconference.com\/fr\/wp-json\/wp\/v2\/users\/1"}],"replies":[{"embeddable":true,"href":"https:\/\/www.worldpolicyconference.com\/fr\/wp-json\/wp\/v2\/comments?post=2649"}],"version-history":[{"count":0,"href":"https:\/\/www.worldpolicyconference.com\/fr\/wp-json\/wp\/v2\/posts\/2649\/revisions"}],"wp:attachment":[{"href":"https:\/\/www.worldpolicyconference.com\/fr\/wp-json\/wp\/v2\/media?parent=2649"}],"wp:term":[{"taxonomy":"category","embeddable":true,"href":"https:\/\/www.worldpolicyconference.com\/fr\/wp-json\/wp\/v2\/categories?post=2649"},{"taxonomy":"post_tag","embeddable":true,"href":"https:\/\/www.worldpolicyconference.com\/fr\/wp-json\/wp\/v2\/tags?post=2649"}],"curies":[{"name":"wp","href":"https:\/\/api.w.org\/{rel}","templated":true}]}}