{"id":2650,"date":"2011-12-09T00:00:00","date_gmt":"2011-12-08T23:00:00","guid":{"rendered":"http:\/\/www.worldpolicyconference.com\/gul-yarin-avusturyaya-gidecek\/"},"modified":"2011-12-09T00:00:00","modified_gmt":"2011-12-08T23:00:00","slug":"gul-yarin-avusturyaya-gidecek","status":"publish","type":"post","link":"https:\/\/www.worldpolicyconference.com\/fr\/gul-yarin-avusturyaya-gidecek\/","title":{"rendered":"G\u00fcl, yar\u0131n Avusturya&rsquo;ya gidecek"},"content":{"rendered":"<p>Cumhurba\u015fkan\u0131 Abdullah G\u00fcl, Viyana&rsquo;da d\u00fczenlenecek D\u00fcnya Siyaset Konferans\u0131&rsquo;na kat\u0131lmak \u00fczere yar\u0131n Avusturya&rsquo;ya gidecek.Cumhurba\u015fkanl\u0131\u011f\u0131 Bas\u0131n Merkezinden yap\u0131lan a\u00e7\u0131klamada, G\u00fcl&rsquo;\u00fcn, Avusturya Cumhurba\u015fkan\u0131 Heinz Fischer&rsquo;in davetine icabetle Viyana&rsquo;da d\u00fczenlenecek D\u00f6rd\u00fcnc\u00fc D\u00fcnya Siyaset Konferans\u0131&rsquo;n\u0131n a\u00e7\u0131l\u0131\u015f oturumuna kat\u0131lmak \u00fczere 8-9 Aral\u0131k 2011 tarihlerinde Avusturya&rsquo;ya ziyarette bulunaca\u011f\u0131 kaydedildi. [&#8230;]<\/p>\n","protected":false},"excerpt":{"rendered":"<p>Cumhurba\u015fkan\u0131 Abdullah G\u00fcl, Viyana&rsquo;da d\u00fczenlenecek D\u00fcnya Siyaset Konferans\u0131&rsquo;na kat\u0131lmak \u00fczere yar\u0131n Avusturya&rsquo;ya gidecek.Cumhurba\u015fkanl\u0131\u011f\u0131 Bas\u0131n Merkezinden yap\u0131lan a\u00e7\u0131klamada, G\u00fcl&rsquo;\u00fcn, Avusturya Cumhurba\u015fkan\u0131 Heinz Fischer&rsquo;in davetine icabetle Viyana&rsquo;da d\u00fczenlenecek D\u00f6rd\u00fcnc\u00fc D\u00fcnya Siyaset Konferans\u0131&rsquo;n\u0131n<\/p>\n","protected":false},"author":1,"featured_media":0,"comment_status":"closed","ping_status":"open","sticky":false,"template":"","format":"standard","meta":{"footnotes":""},"categories":[4],"tags":[17],"class_list":["post-2650","post","type-post","status-publish","format-standard","hentry","category-press-review","tag-17"],"_links":{"self":[{"href":"https:\/\/www.worldpolicyconference.com\/fr\/wp-json\/wp\/v2\/posts\/2650","targetHints":{"allow":["GET"]}}],"collection":[{"href":"https:\/\/www.worldpolicyconference.com\/fr\/wp-json\/wp\/v2\/posts"}],"about":[{"href":"https:\/\/www.worldpolicyconference.com\/fr\/wp-json\/wp\/v2\/types\/post"}],"author":[{"embeddable":true,"href":"https:\/\/www.worldpolicyconference.com\/fr\/wp-json\/wp\/v2\/users\/1"}],"replies":[{"embeddable":true,"href":"https:\/\/www.worldpolicyconference.com\/fr\/wp-json\/wp\/v2\/comments?post=2650"}],"version-history":[{"count":0,"href":"https:\/\/www.worldpolicyconference.com\/fr\/wp-json\/wp\/v2\/posts\/2650\/revisions"}],"wp:attachment":[{"href":"https:\/\/www.worldpolicyconference.com\/fr\/wp-json\/wp\/v2\/media?parent=2650"}],"wp:term":[{"taxonomy":"category","embeddable":true,"href":"https:\/\/www.worldpolicyconference.com\/fr\/wp-json\/wp\/v2\/categories?post=2650"},{"taxonomy":"post_tag","embeddable":true,"href":"https:\/\/www.worldpolicyconference.com\/fr\/wp-json\/wp\/v2\/tags?post=2650"}],"curies":[{"name":"wp","href":"https:\/\/api.w.org\/{rel}","templated":true}]}}