{"id":2652,"date":"2011-12-09T00:00:00","date_gmt":"2011-12-08T23:00:00","guid":{"rendered":"http:\/\/www.worldpolicyconference.com\/cumhurbaskani-gul-viyanada\/"},"modified":"2011-12-09T00:00:00","modified_gmt":"2011-12-08T23:00:00","slug":"cumhurbaskani-gul-viyanada","status":"publish","type":"post","link":"https:\/\/www.worldpolicyconference.com\/fr\/cumhurbaskani-gul-viyanada\/","title":{"rendered":"Cumhurba\u015fkan\u0131 G\u00fcl, Viyana&rsquo;da"},"content":{"rendered":"<p>Cumhurba\u015fkan\u0131 Abdullah G\u00fcl, Frans\u0131z Uluslararas\u0131 \u0130li\u015fkiler Enstit\u00fcs\u00fc (IFRI) taraf\u0131ndan d\u00fczenlenen 4&rsquo;\u00fcnc\u00fc D\u00fcnya Siyaset Konferans\u0131&rsquo;n\u0131n a\u00e7\u0131l\u0131\u015f\u0131n\u0131 yapmak \u00fczere Avusturya&rsquo;n\u0131n ba\u015fkenti Viyana&rsquo;ya geldi.Cumhurba\u015fkan\u0131 Abdullah G\u00fcl, Frans\u0131z Uluslararas\u0131 \u0130li\u015fkiler Enstit\u00fcs\u00fc (IFRI) taraf\u0131ndan d\u00fczenlenen 4&rsquo;\u00fcnc\u00fc D\u00fcnya Siyaset Konferans\u0131&rsquo;n\u0131n a\u00e7\u0131l\u0131\u015f\u0131n\u0131 yapmak \u00fczere Avusturya&rsquo;n\u0131n ba\u015fkenti Viyana&rsquo;ya geldi. B\u00fcy\u00fckel\u00e7ilik g\u00f6revlileri taraf\u0131ndan kar\u015f\u0131lanan Cumhurba\u015fkan\u0131 G\u00fcl kalaca\u011f\u0131 otele yerle\u015ferek dinlenmeye \u00e7ekildi. [&#8230;]<\/p>\n","protected":false},"excerpt":{"rendered":"<p>Cumhurba\u015fkan\u0131 Abdullah G\u00fcl, Frans\u0131z Uluslararas\u0131 \u0130li\u015fkiler Enstit\u00fcs\u00fc (IFRI) taraf\u0131ndan d\u00fczenlenen 4&rsquo;\u00fcnc\u00fc D\u00fcnya Siyaset Konferans\u0131&rsquo;n\u0131n a\u00e7\u0131l\u0131\u015f\u0131n\u0131 yapmak \u00fczere Avusturya&rsquo;n\u0131n ba\u015fkenti Viyana&rsquo;ya geldi.Cumhurba\u015fkan\u0131 Abdullah G\u00fcl, Frans\u0131z Uluslararas\u0131 \u0130li\u015fkiler Enstit\u00fcs\u00fc (IFRI) taraf\u0131ndan d\u00fczenlenen<\/p>\n","protected":false},"author":1,"featured_media":0,"comment_status":"closed","ping_status":"open","sticky":false,"template":"","format":"standard","meta":{"footnotes":""},"categories":[4],"tags":[17],"class_list":["post-2652","post","type-post","status-publish","format-standard","hentry","category-press-review","tag-17"],"_links":{"self":[{"href":"https:\/\/www.worldpolicyconference.com\/fr\/wp-json\/wp\/v2\/posts\/2652","targetHints":{"allow":["GET"]}}],"collection":[{"href":"https:\/\/www.worldpolicyconference.com\/fr\/wp-json\/wp\/v2\/posts"}],"about":[{"href":"https:\/\/www.worldpolicyconference.com\/fr\/wp-json\/wp\/v2\/types\/post"}],"author":[{"embeddable":true,"href":"https:\/\/www.worldpolicyconference.com\/fr\/wp-json\/wp\/v2\/users\/1"}],"replies":[{"embeddable":true,"href":"https:\/\/www.worldpolicyconference.com\/fr\/wp-json\/wp\/v2\/comments?post=2652"}],"version-history":[{"count":0,"href":"https:\/\/www.worldpolicyconference.com\/fr\/wp-json\/wp\/v2\/posts\/2652\/revisions"}],"wp:attachment":[{"href":"https:\/\/www.worldpolicyconference.com\/fr\/wp-json\/wp\/v2\/media?parent=2652"}],"wp:term":[{"taxonomy":"category","embeddable":true,"href":"https:\/\/www.worldpolicyconference.com\/fr\/wp-json\/wp\/v2\/categories?post=2652"},{"taxonomy":"post_tag","embeddable":true,"href":"https:\/\/www.worldpolicyconference.com\/fr\/wp-json\/wp\/v2\/tags?post=2652"}],"curies":[{"name":"wp","href":"https:\/\/api.w.org\/{rel}","templated":true}]}}