{"id":2704,"date":"2011-12-11T00:00:00","date_gmt":"2011-12-10T23:00:00","guid":{"rendered":"http:\/\/www.worldpolicyconference.com\/israel-6-depeches\/"},"modified":"2011-12-11T00:00:00","modified_gmt":"2011-12-10T23:00:00","slug":"israel-6-depeches","status":"publish","type":"post","link":"https:\/\/www.worldpolicyconference.com\/fr\/israel-6-depeches\/","title":{"rendered":"Isra\u00ebl, 6 d\u00e9p\u00eaches"},"content":{"rendered":"<p>[&#8230;] Le pr\u00e9sident de la R\u00e9publique de Turquie, Abdullah G\u00fcl, a annul\u00e9 sa participation \u00e0 un d\u00e9jeuner organis\u00e9 \u00e0 Vienne dans le cadre de la quatri\u00e8me \u00e9dition de la Conf\u00e9rence politique mondiale (World Policy Conference) apr\u00e8s qu&rsquo;il eut \u00e9t\u00e9 inform\u00e9 de celle du ministre de la D\u00e9fense isra\u00e9lien, Ehoud Barak.<\/p>\n<p class=\"with-margin\">La Turquie a fortement r\u00e9duit ses relations diplomatiques avec Isra\u00ebl depuis l&rsquo;affaire de la flottille, en mai 2010. [&#8230;]<\/p>\n","protected":false},"excerpt":{"rendered":"<p>[&#8230;] Le pr\u00e9sident de la R\u00e9publique de Turquie, Abdullah G\u00fcl, a annul\u00e9 sa participation \u00e0 un d\u00e9jeuner organis\u00e9 \u00e0 Vienne dans le cadre de la quatri\u00e8me \u00e9dition de la Conf\u00e9rence<\/p>\n","protected":false},"author":1,"featured_media":0,"comment_status":"closed","ping_status":"open","sticky":false,"template":"","format":"standard","meta":{"footnotes":""},"categories":[4],"tags":[17],"class_list":["post-2704","post","type-post","status-publish","format-standard","hentry","category-press-review","tag-17"],"_links":{"self":[{"href":"https:\/\/www.worldpolicyconference.com\/fr\/wp-json\/wp\/v2\/posts\/2704","targetHints":{"allow":["GET"]}}],"collection":[{"href":"https:\/\/www.worldpolicyconference.com\/fr\/wp-json\/wp\/v2\/posts"}],"about":[{"href":"https:\/\/www.worldpolicyconference.com\/fr\/wp-json\/wp\/v2\/types\/post"}],"author":[{"embeddable":true,"href":"https:\/\/www.worldpolicyconference.com\/fr\/wp-json\/wp\/v2\/users\/1"}],"replies":[{"embeddable":true,"href":"https:\/\/www.worldpolicyconference.com\/fr\/wp-json\/wp\/v2\/comments?post=2704"}],"version-history":[{"count":0,"href":"https:\/\/www.worldpolicyconference.com\/fr\/wp-json\/wp\/v2\/posts\/2704\/revisions"}],"wp:attachment":[{"href":"https:\/\/www.worldpolicyconference.com\/fr\/wp-json\/wp\/v2\/media?parent=2704"}],"wp:term":[{"taxonomy":"category","embeddable":true,"href":"https:\/\/www.worldpolicyconference.com\/fr\/wp-json\/wp\/v2\/categories?post=2704"},{"taxonomy":"post_tag","embeddable":true,"href":"https:\/\/www.worldpolicyconference.com\/fr\/wp-json\/wp\/v2\/tags?post=2704"}],"curies":[{"name":"wp","href":"https:\/\/api.w.org\/{rel}","templated":true}]}}