{"id":2706,"date":"2010-11-16T00:00:00","date_gmt":"2010-11-15T23:00:00","guid":{"rendered":"http:\/\/www.worldpolicyconference.com\/les-grands-defis-de-la-region-mena\/"},"modified":"2010-11-16T00:00:00","modified_gmt":"2010-11-15T23:00:00","slug":"les-grands-defis-de-la-region-mena","status":"publish","type":"post","link":"https:\/\/www.worldpolicyconference.com\/fr\/les-grands-defis-de-la-region-mena\/","title":{"rendered":"Les grands d\u00e9fis de la r\u00e9gion Mena"},"content":{"rendered":"<p><a href=\"http:\/\/www.leconomiste.com\/article.html?a=103621\" target=\"_blank\">Les grands d\u00e9fis de la r\u00e9gion Mena<\/a><br \/>&#8230;En tout cas, selon Othman Benjelloun, cette approche pourrait \u00eatre \u00ab\u00a0un des moteurs les plus robustes pour une acc\u00e9l\u00e9ration de la croissance des \u00e9conomies \u00e9mergentes au sein de la r\u00e9gion Mena\u00a0\u00bb. Nul doute, elle doit faire face \u00e0 de multiples d\u00e9fis, notamment l&rsquo;acc\u00e9l\u00e9ration du rythme de croissance pour une plus grande comp\u00e9titivit\u00e9 (lire l&rsquo;article en pages 5 et 6) et le positionnement sur l&rsquo;\u00e9chiquier \u00e9conomique mondial. In fine, s&rsquo;ouvrir les portes du G20 et des grandes institutions mondiales. Pour cela, l&rsquo;id\u00e9e de mutation en un p\u00f4le r\u00e9gional influent fait son chemin. C&rsquo;est le message en filigrane du World Policy Conference tenue mi-octobre \u00e0 Marrakech que la WEF pr\u00e9conise \u00e9galement&#8230;<\/p>\n","protected":false},"excerpt":{"rendered":"<p>Les grands d\u00e9fis de la r\u00e9gion Mena&#8230;En tout cas, selon Othman Benjelloun, cette approche pourrait \u00eatre \u00ab\u00a0un des moteurs les plus robustes pour une acc\u00e9l\u00e9ration de la croissance des \u00e9conomies<\/p>\n","protected":false},"author":1,"featured_media":0,"comment_status":"closed","ping_status":"open","sticky":false,"template":"","format":"standard","meta":{"footnotes":""},"categories":[4],"tags":[16],"class_list":["post-2706","post","type-post","status-publish","format-standard","hentry","category-press-review","tag-16"],"_links":{"self":[{"href":"https:\/\/www.worldpolicyconference.com\/fr\/wp-json\/wp\/v2\/posts\/2706","targetHints":{"allow":["GET"]}}],"collection":[{"href":"https:\/\/www.worldpolicyconference.com\/fr\/wp-json\/wp\/v2\/posts"}],"about":[{"href":"https:\/\/www.worldpolicyconference.com\/fr\/wp-json\/wp\/v2\/types\/post"}],"author":[{"embeddable":true,"href":"https:\/\/www.worldpolicyconference.com\/fr\/wp-json\/wp\/v2\/users\/1"}],"replies":[{"embeddable":true,"href":"https:\/\/www.worldpolicyconference.com\/fr\/wp-json\/wp\/v2\/comments?post=2706"}],"version-history":[{"count":0,"href":"https:\/\/www.worldpolicyconference.com\/fr\/wp-json\/wp\/v2\/posts\/2706\/revisions"}],"wp:attachment":[{"href":"https:\/\/www.worldpolicyconference.com\/fr\/wp-json\/wp\/v2\/media?parent=2706"}],"wp:term":[{"taxonomy":"category","embeddable":true,"href":"https:\/\/www.worldpolicyconference.com\/fr\/wp-json\/wp\/v2\/categories?post=2706"},{"taxonomy":"post_tag","embeddable":true,"href":"https:\/\/www.worldpolicyconference.com\/fr\/wp-json\/wp\/v2\/tags?post=2706"}],"curies":[{"name":"wp","href":"https:\/\/api.w.org\/{rel}","templated":true}]}}