{"id":2733,"date":"2011-12-09T00:00:00","date_gmt":"2011-12-08T23:00:00","guid":{"rendered":"http:\/\/www.worldpolicyconference.com\/rakusko-vo-viedni-sa-zacina-konferencia-o-svetovej-politike\/"},"modified":"2011-12-09T00:00:00","modified_gmt":"2011-12-08T23:00:00","slug":"rakusko-vo-viedni-sa-zacina-konferencia-o-svetovej-politike","status":"publish","type":"post","link":"https:\/\/www.worldpolicyconference.com\/fr\/rakusko-vo-viedni-sa-zacina-konferencia-o-svetovej-politike\/","title":{"rendered":"Rak\u00fasko: Vo Viedni sa za\u010d\u00edna konferencia o svetovej politike"},"content":{"rendered":"<p>[&#8230;] Fischer informoval Baraka aj o ned\u00e1vnej n\u00e1v\u0161teve palest\u00ednskeho prezidenta Mahm\u00fada Abb\u00e1sa vo Viedni a o jeho ve\u013emi kon\u0161trukt\u00edvnom pr\u00edstupe.Trojd\u0148ov\u00e1 konferencia World Policy Conference sa za\u010d\u00edna v rak\u00faskom hlavnom meste dnes popoludn\u00ed. Na podujat\u00ed sa o\u010dak\u00e1va \u00fa\u010das\u0165 okolo 150 prominentn\u00fdch host\u00ed, \u0161pi\u010dkov\u00fdch politikov, cirkevn\u00fdch predstavite\u013eov, z\u00e1stupcov hospod\u00e1rskej sf\u00e9ry a odborn\u00edkov z kon\u010d\u00edn sveta. [&#8230;]<\/p>\n","protected":false},"excerpt":{"rendered":"<p>[&#8230;] Fischer informoval Baraka aj o ned\u00e1vnej n\u00e1v\u0161teve palest\u00ednskeho prezidenta Mahm\u00fada Abb\u00e1sa vo Viedni a o jeho ve\u013emi kon\u0161trukt\u00edvnom pr\u00edstupe.Trojd\u0148ov\u00e1 konferencia World Policy Conference sa za\u010d\u00edna v rak\u00faskom hlavnom meste<\/p>\n","protected":false},"author":1,"featured_media":0,"comment_status":"closed","ping_status":"open","sticky":false,"template":"","format":"standard","meta":{"footnotes":""},"categories":[4],"tags":[17],"class_list":["post-2733","post","type-post","status-publish","format-standard","hentry","category-press-review","tag-17"],"_links":{"self":[{"href":"https:\/\/www.worldpolicyconference.com\/fr\/wp-json\/wp\/v2\/posts\/2733","targetHints":{"allow":["GET"]}}],"collection":[{"href":"https:\/\/www.worldpolicyconference.com\/fr\/wp-json\/wp\/v2\/posts"}],"about":[{"href":"https:\/\/www.worldpolicyconference.com\/fr\/wp-json\/wp\/v2\/types\/post"}],"author":[{"embeddable":true,"href":"https:\/\/www.worldpolicyconference.com\/fr\/wp-json\/wp\/v2\/users\/1"}],"replies":[{"embeddable":true,"href":"https:\/\/www.worldpolicyconference.com\/fr\/wp-json\/wp\/v2\/comments?post=2733"}],"version-history":[{"count":0,"href":"https:\/\/www.worldpolicyconference.com\/fr\/wp-json\/wp\/v2\/posts\/2733\/revisions"}],"wp:attachment":[{"href":"https:\/\/www.worldpolicyconference.com\/fr\/wp-json\/wp\/v2\/media?parent=2733"}],"wp:term":[{"taxonomy":"category","embeddable":true,"href":"https:\/\/www.worldpolicyconference.com\/fr\/wp-json\/wp\/v2\/categories?post=2733"},{"taxonomy":"post_tag","embeddable":true,"href":"https:\/\/www.worldpolicyconference.com\/fr\/wp-json\/wp\/v2\/tags?post=2733"}],"curies":[{"name":"wp","href":"https:\/\/api.w.org\/{rel}","templated":true}]}}