{"id":2745,"date":"2011-12-09T00:00:00","date_gmt":"2011-12-08T23:00:00","guid":{"rendered":"http:\/\/www.worldpolicyconference.com\/minister-obrony-izraela-koniec-asada-bedzie-blogoslawienstwem\/"},"modified":"2011-12-09T00:00:00","modified_gmt":"2011-12-08T23:00:00","slug":"minister-obrony-izraela-koniec-asada-bedzie-blogoslawienstwem","status":"publish","type":"post","link":"https:\/\/www.worldpolicyconference.com\/fr\/minister-obrony-izraela-koniec-asada-bedzie-blogoslawienstwem\/","title":{"rendered":"Minister obrony Izraela: koniec Asada b\u0119dzie b\u0142ogos\u0142awie\u0144stwem"},"content":{"rendered":"<p>[&#8230;] Szef izraelskiego resortu obrony wypowiada\u0142 si\u0119 w Wiedniu na zako\u0144czenie trzydniowej dorocznej konferencji na temat polityki \u015bwiatowej (World Policy Conference &#8211; WPC), na ktor\u0105 przybyli politycy, by omowi\u0107 szereg najbardziej pal\u0105cych problemow.Co si\u0119 tyczy to &#8211; zdaniem Baraka &#8211; Asad i jego ekipa zostan\u0105 dosuni\u0119ci od w\u0142adzy w ci\u0105gu kilku tygodni. [&#8230;]<\/p>\n","protected":false},"excerpt":{"rendered":"<p>[&#8230;] Szef izraelskiego resortu obrony wypowiada\u0142 si\u0119 w Wiedniu na zako\u0144czenie trzydniowej dorocznej konferencji na temat polityki \u015bwiatowej (World Policy Conference &#8211; WPC), na ktor\u0105 przybyli politycy, by omowi\u0107 szereg<\/p>\n","protected":false},"author":1,"featured_media":0,"comment_status":"closed","ping_status":"open","sticky":false,"template":"","format":"standard","meta":{"footnotes":""},"categories":[4],"tags":[17],"class_list":["post-2745","post","type-post","status-publish","format-standard","hentry","category-press-review","tag-17"],"_links":{"self":[{"href":"https:\/\/www.worldpolicyconference.com\/fr\/wp-json\/wp\/v2\/posts\/2745","targetHints":{"allow":["GET"]}}],"collection":[{"href":"https:\/\/www.worldpolicyconference.com\/fr\/wp-json\/wp\/v2\/posts"}],"about":[{"href":"https:\/\/www.worldpolicyconference.com\/fr\/wp-json\/wp\/v2\/types\/post"}],"author":[{"embeddable":true,"href":"https:\/\/www.worldpolicyconference.com\/fr\/wp-json\/wp\/v2\/users\/1"}],"replies":[{"embeddable":true,"href":"https:\/\/www.worldpolicyconference.com\/fr\/wp-json\/wp\/v2\/comments?post=2745"}],"version-history":[{"count":0,"href":"https:\/\/www.worldpolicyconference.com\/fr\/wp-json\/wp\/v2\/posts\/2745\/revisions"}],"wp:attachment":[{"href":"https:\/\/www.worldpolicyconference.com\/fr\/wp-json\/wp\/v2\/media?parent=2745"}],"wp:term":[{"taxonomy":"category","embeddable":true,"href":"https:\/\/www.worldpolicyconference.com\/fr\/wp-json\/wp\/v2\/categories?post=2745"},{"taxonomy":"post_tag","embeddable":true,"href":"https:\/\/www.worldpolicyconference.com\/fr\/wp-json\/wp\/v2\/tags?post=2745"}],"curies":[{"name":"wp","href":"https:\/\/api.w.org\/{rel}","templated":true}]}}