{"id":2748,"date":"2011-12-09T00:00:00","date_gmt":"2011-12-08T23:00:00","guid":{"rendered":"http:\/\/www.worldpolicyconference.com\/presedintele-turciei-acuza-ue-de-neglijarea-propriilor-criterii-financiare\/"},"modified":"2011-12-09T00:00:00","modified_gmt":"2011-12-08T23:00:00","slug":"presedintele-turciei-acuza-ue-de-neglijarea-propriilor-criterii-financiare","status":"publish","type":"post","link":"https:\/\/www.worldpolicyconference.com\/fr\/presedintele-turciei-acuza-ue-de-neglijarea-propriilor-criterii-financiare\/","title":{"rendered":"Pre\u015fedintele Turciei acuz\u0103 UE de neglijarea propriilor criterii financiare"},"content":{"rendered":"<p>Uniunea European\u0103 \u00eent\u00e2mpin\u0103 greut\u0103\u0163i \u00een ceea ce prive\u015fte luarea de decizii \u015fi realizarea de progrese, a afirmat vineri, la Viena, cu prilejul deschiderii World Policy Conference, pre\u015fedintele turc Abdullah G\u00fcl, oaspete de onoare al conferin\u0163ei, acuz\u00e2nd UE de \u00ab\u00a0neglijarea propriilor sale criterii financiare\u00a0\u00bb, fapt ce a declan\u015fat actuala criz\u0103 ce se r\u0103sp\u00e2nde\u015fte pe \u00eentreg continentul. [&#8230;]<\/p>\n","protected":false},"excerpt":{"rendered":"<p>Uniunea European\u0103 \u00eent\u00e2mpin\u0103 greut\u0103\u0163i \u00een ceea ce prive\u015fte luarea de decizii \u015fi realizarea de progrese, a afirmat vineri, la Viena, cu prilejul deschiderii World Policy Conference, pre\u015fedintele turc Abdullah G\u00fcl,<\/p>\n","protected":false},"author":1,"featured_media":0,"comment_status":"closed","ping_status":"open","sticky":false,"template":"","format":"standard","meta":{"footnotes":""},"categories":[4],"tags":[17],"class_list":["post-2748","post","type-post","status-publish","format-standard","hentry","category-press-review","tag-17"],"_links":{"self":[{"href":"https:\/\/www.worldpolicyconference.com\/fr\/wp-json\/wp\/v2\/posts\/2748","targetHints":{"allow":["GET"]}}],"collection":[{"href":"https:\/\/www.worldpolicyconference.com\/fr\/wp-json\/wp\/v2\/posts"}],"about":[{"href":"https:\/\/www.worldpolicyconference.com\/fr\/wp-json\/wp\/v2\/types\/post"}],"author":[{"embeddable":true,"href":"https:\/\/www.worldpolicyconference.com\/fr\/wp-json\/wp\/v2\/users\/1"}],"replies":[{"embeddable":true,"href":"https:\/\/www.worldpolicyconference.com\/fr\/wp-json\/wp\/v2\/comments?post=2748"}],"version-history":[{"count":0,"href":"https:\/\/www.worldpolicyconference.com\/fr\/wp-json\/wp\/v2\/posts\/2748\/revisions"}],"wp:attachment":[{"href":"https:\/\/www.worldpolicyconference.com\/fr\/wp-json\/wp\/v2\/media?parent=2748"}],"wp:term":[{"taxonomy":"category","embeddable":true,"href":"https:\/\/www.worldpolicyconference.com\/fr\/wp-json\/wp\/v2\/categories?post=2748"},{"taxonomy":"post_tag","embeddable":true,"href":"https:\/\/www.worldpolicyconference.com\/fr\/wp-json\/wp\/v2\/tags?post=2748"}],"curies":[{"name":"wp","href":"https:\/\/api.w.org\/{rel}","templated":true}]}}