{"id":2751,"date":"2011-12-11T00:00:00","date_gmt":"2011-12-10T23:00:00","guid":{"rendered":"http:\/\/www.worldpolicyconference.com\/israel-la-caida-de-asad-en-siria-sera-una-bendicion\/"},"modified":"2011-12-11T00:00:00","modified_gmt":"2011-12-10T23:00:00","slug":"israel-la-caida-de-asad-en-siria-sera-una-bendicion","status":"publish","type":"post","link":"https:\/\/www.worldpolicyconference.com\/fr\/israel-la-caida-de-asad-en-siria-sera-una-bendicion\/","title":{"rendered":"Israel: La ca\u00edda de Asad en Siria ser\u00e1 una bendici\u00f3n\u00a0\u00bb"},"content":{"rendered":"<p>[&#8230;] En un discurso pronunciado ante la Conferencia de Pol\u00edtica Mundial en Viena, Barak predijo que Asad y su camarilla ser\u00e1n obligados a dejar el poder en cuesti\u00f3n de semanas.Barak tambi\u00e9n habl\u00f3 sobre las sanciones contra Ir\u00e1n y su programa nuclear. El titular de la cartera de Defensa subray\u00f3 de que a\u00fan han tiempo para aplicar castigos econ\u00f3micos que paralicen el sector de energ\u00eda iran\u00ed y fuercen a la dirigencia iran\u00ed a renunciar al programa at\u00f3mico, que podr\u00eda ser usado para fabricar este tipo de armamento. [&#8230;]<\/p>\n","protected":false},"excerpt":{"rendered":"<p>[&#8230;] En un discurso pronunciado ante la Conferencia de Pol\u00edtica Mundial en Viena, Barak predijo que Asad y su camarilla ser\u00e1n obligados a dejar el poder en cuesti\u00f3n de semanas.Barak<\/p>\n","protected":false},"author":1,"featured_media":0,"comment_status":"closed","ping_status":"open","sticky":false,"template":"","format":"standard","meta":{"footnotes":""},"categories":[4],"tags":[17],"class_list":["post-2751","post","type-post","status-publish","format-standard","hentry","category-press-review","tag-17"],"_links":{"self":[{"href":"https:\/\/www.worldpolicyconference.com\/fr\/wp-json\/wp\/v2\/posts\/2751","targetHints":{"allow":["GET"]}}],"collection":[{"href":"https:\/\/www.worldpolicyconference.com\/fr\/wp-json\/wp\/v2\/posts"}],"about":[{"href":"https:\/\/www.worldpolicyconference.com\/fr\/wp-json\/wp\/v2\/types\/post"}],"author":[{"embeddable":true,"href":"https:\/\/www.worldpolicyconference.com\/fr\/wp-json\/wp\/v2\/users\/1"}],"replies":[{"embeddable":true,"href":"https:\/\/www.worldpolicyconference.com\/fr\/wp-json\/wp\/v2\/comments?post=2751"}],"version-history":[{"count":0,"href":"https:\/\/www.worldpolicyconference.com\/fr\/wp-json\/wp\/v2\/posts\/2751\/revisions"}],"wp:attachment":[{"href":"https:\/\/www.worldpolicyconference.com\/fr\/wp-json\/wp\/v2\/media?parent=2751"}],"wp:term":[{"taxonomy":"category","embeddable":true,"href":"https:\/\/www.worldpolicyconference.com\/fr\/wp-json\/wp\/v2\/categories?post=2751"},{"taxonomy":"post_tag","embeddable":true,"href":"https:\/\/www.worldpolicyconference.com\/fr\/wp-json\/wp\/v2\/tags?post=2751"}],"curies":[{"name":"wp","href":"https:\/\/api.w.org\/{rel}","templated":true}]}}