{"id":2767,"date":"2010-10-18T00:00:00","date_gmt":"2010-10-17T23:00:00","guid":{"rendered":"http:\/\/www.worldpolicyconference.com\/3eme-edition-de-la-world-policy-conference-a-marrakech-les-bonnes-passerelles-au-dela-des-frontieres\/"},"modified":"2010-10-18T00:00:00","modified_gmt":"2010-10-17T23:00:00","slug":"3eme-edition-de-la-world-policy-conference-a-marrakech-les-bonnes-passerelles-au-dela-des-frontieres","status":"publish","type":"post","link":"https:\/\/www.worldpolicyconference.com\/fr\/3eme-edition-de-la-world-policy-conference-a-marrakech-les-bonnes-passerelles-au-dela-des-frontieres\/","title":{"rendered":"3\u00e8me \u00e9dition de la World Policy Conference \u00e0 Marrakech : Les bonnes passerelles au-del\u00e0 des fronti\u00e8res"},"content":{"rendered":"<p>Written by Abdelouahed Kidiss<br \/><a href=\"http:\/\/www.albayane.press.ma\/documents\/50-divers\/4922-3eme-edition-de-la-world-policy-conference-a-marrakech--les-bonnes-passerelles-au-dela-des-frontieres.html\" target=\"_blank\">3\u00e8me \u00e9dition de la World Policy Conference \u00e0 Marrakech : Les bonnes passerelles au-del\u00e0 des fronti\u00e8res<\/a><br \/>Pour la deuxi\u00e8me fois cons\u00e9cutive, Marrakech relance le d\u00e9bat sur la \u00ab\u00a0Gouvernance mondiale\u00a0\u00bb. Au-del\u00e0 du partage du savoir et des exp\u00e9riences, la pr\u00e9sence et la qualit\u00e9 des participants donnent une id\u00e9e de la haute tenue scientifique et technique du d\u00e9bat sur une probl\u00e9matique de grande actualit\u00e9. Pour cette 3\u00e8me \u00e9dition de la World Policy Conference (WPC), il s&rsquo;agit, bien entendu, de replacer et de r\u00e9organiser le d\u00e9bat, dans une conjoncture difficile, marqu\u00e9e par la plus grave crise \u00e9conomique et financi\u00e8re, apr\u00e8s la r\u00e9cession de 1929, et la mont\u00e9e vertigineuse des \u00e9conomies \u00e9mergentes&#8230;<\/p>\n","protected":false},"excerpt":{"rendered":"<p>Written by Abdelouahed Kidiss3\u00e8me \u00e9dition de la World Policy Conference \u00e0 Marrakech : Les bonnes passerelles au-del\u00e0 des fronti\u00e8resPour la deuxi\u00e8me fois cons\u00e9cutive, Marrakech relance le d\u00e9bat sur la \u00ab\u00a0Gouvernance<\/p>\n","protected":false},"author":1,"featured_media":0,"comment_status":"closed","ping_status":"open","sticky":false,"template":"","format":"standard","meta":{"footnotes":""},"categories":[4],"tags":[16],"class_list":["post-2767","post","type-post","status-publish","format-standard","hentry","category-press-review","tag-16"],"_links":{"self":[{"href":"https:\/\/www.worldpolicyconference.com\/fr\/wp-json\/wp\/v2\/posts\/2767","targetHints":{"allow":["GET"]}}],"collection":[{"href":"https:\/\/www.worldpolicyconference.com\/fr\/wp-json\/wp\/v2\/posts"}],"about":[{"href":"https:\/\/www.worldpolicyconference.com\/fr\/wp-json\/wp\/v2\/types\/post"}],"author":[{"embeddable":true,"href":"https:\/\/www.worldpolicyconference.com\/fr\/wp-json\/wp\/v2\/users\/1"}],"replies":[{"embeddable":true,"href":"https:\/\/www.worldpolicyconference.com\/fr\/wp-json\/wp\/v2\/comments?post=2767"}],"version-history":[{"count":0,"href":"https:\/\/www.worldpolicyconference.com\/fr\/wp-json\/wp\/v2\/posts\/2767\/revisions"}],"wp:attachment":[{"href":"https:\/\/www.worldpolicyconference.com\/fr\/wp-json\/wp\/v2\/media?parent=2767"}],"wp:term":[{"taxonomy":"category","embeddable":true,"href":"https:\/\/www.worldpolicyconference.com\/fr\/wp-json\/wp\/v2\/categories?post=2767"},{"taxonomy":"post_tag","embeddable":true,"href":"https:\/\/www.worldpolicyconference.com\/fr\/wp-json\/wp\/v2\/tags?post=2767"}],"curies":[{"name":"wp","href":"https:\/\/api.w.org\/{rel}","templated":true}]}}