{"id":2775,"date":"2010-10-19T00:00:00","date_gmt":"2010-10-18T23:00:00","guid":{"rendered":"http:\/\/www.worldpolicyconference.com\/world-policy-conference-les-lecons-des-differentes-crises\/"},"modified":"2010-10-19T00:00:00","modified_gmt":"2010-10-18T23:00:00","slug":"world-policy-conference-les-lecons-des-differentes-crises","status":"publish","type":"post","link":"https:\/\/www.worldpolicyconference.com\/fr\/world-policy-conference-les-lecons-des-differentes-crises\/","title":{"rendered":"World Policy Conference Les le\u00e7ons des diff\u00e9rentes crises"},"content":{"rendered":"<p><a href=\"http:\/\/www.leconomiste.com\/article.html?a=103445\" target=\"_blank\">World Policy Conference Les le\u00e7ons des diff\u00e9rentes crises<\/a><br \/>C&rsquo;est le premier constat de l&rsquo;atelier consacr\u00e9 au d\u00e9fi alimentaire organis\u00e9 par la 3e \u00e9dition de la WPC \u00e0 Marrakech qui a termin\u00e9 ses travaux dimanche. Conf\u00e9rence qui n&rsquo;avait pas la pr\u00e9tention de r\u00e9soudre les probl\u00e9matiques \u00e9conomiques et politiques, mais proposait de livrer des r\u00e9flexions dans une optique de contribution \u00e0 l&rsquo;\u00e9laboration d&rsquo;une bonne gouvernance. D&rsquo;autant plus que cette 3e \u00e9dition de la WPC s&rsquo;est tenue \u00e0 un mois de la r\u00e9union du G20 \u00e0 S\u00e9oul. Les membres du groupement devront aborder la question de la s\u00e9curit\u00e9 alimentaire&#8230;<\/p>\n","protected":false},"excerpt":{"rendered":"<p>World Policy Conference Les le\u00e7ons des diff\u00e9rentes crisesC&rsquo;est le premier constat de l&rsquo;atelier consacr\u00e9 au d\u00e9fi alimentaire organis\u00e9 par la 3e \u00e9dition de la WPC \u00e0 Marrakech qui a termin\u00e9<\/p>\n","protected":false},"author":1,"featured_media":0,"comment_status":"closed","ping_status":"open","sticky":false,"template":"","format":"standard","meta":{"footnotes":""},"categories":[4],"tags":[16],"class_list":["post-2775","post","type-post","status-publish","format-standard","hentry","category-press-review","tag-16"],"_links":{"self":[{"href":"https:\/\/www.worldpolicyconference.com\/fr\/wp-json\/wp\/v2\/posts\/2775","targetHints":{"allow":["GET"]}}],"collection":[{"href":"https:\/\/www.worldpolicyconference.com\/fr\/wp-json\/wp\/v2\/posts"}],"about":[{"href":"https:\/\/www.worldpolicyconference.com\/fr\/wp-json\/wp\/v2\/types\/post"}],"author":[{"embeddable":true,"href":"https:\/\/www.worldpolicyconference.com\/fr\/wp-json\/wp\/v2\/users\/1"}],"replies":[{"embeddable":true,"href":"https:\/\/www.worldpolicyconference.com\/fr\/wp-json\/wp\/v2\/comments?post=2775"}],"version-history":[{"count":0,"href":"https:\/\/www.worldpolicyconference.com\/fr\/wp-json\/wp\/v2\/posts\/2775\/revisions"}],"wp:attachment":[{"href":"https:\/\/www.worldpolicyconference.com\/fr\/wp-json\/wp\/v2\/media?parent=2775"}],"wp:term":[{"taxonomy":"category","embeddable":true,"href":"https:\/\/www.worldpolicyconference.com\/fr\/wp-json\/wp\/v2\/categories?post=2775"},{"taxonomy":"post_tag","embeddable":true,"href":"https:\/\/www.worldpolicyconference.com\/fr\/wp-json\/wp\/v2\/tags?post=2775"}],"curies":[{"name":"wp","href":"https:\/\/api.w.org\/{rel}","templated":true}]}}