{"id":2788,"date":"2011-12-09T00:00:00","date_gmt":"2011-12-08T23:00:00","guid":{"rendered":"http:\/\/www.worldpolicyconference.com\/le-printemps-arabe-israel-doit-aussi-changer-amr-moussa\/"},"modified":"2011-12-09T00:00:00","modified_gmt":"2011-12-08T23:00:00","slug":"le-printemps-arabe-israel-doit-aussi-changer-amr-moussa","status":"publish","type":"post","link":"https:\/\/www.worldpolicyconference.com\/fr\/le-printemps-arabe-israel-doit-aussi-changer-amr-moussa\/","title":{"rendered":"Le printemps arabe, Isra\u00ebl doit \u00ab\u00a0aussi changer\u00a0\u00bb (Amr Moussa)"},"content":{"rendered":"<p>L&rsquo;ex-secr\u00e9taire g\u00e9n\u00e9ral de la Ligue arabe Amr Moussa, qui affiche ses ambitions pour la pr\u00e9sidence en Egypte, a estim\u00e9 vendredi \u00e0 Vienne qu&rsquo;\u00e0 la suite du \u00ab\u00a0printemps arabe\u00a0\u00bb, le changement devait toucher tous les pays de la r\u00e9gion, y compris Isra\u00ebl.\u00a0\u00bbNous connaissons un changement historique et s\u00e9rieux\u00a0\u00bb, a d\u00e9clar\u00e9 M. Moussa lors d&rsquo;une conf\u00e9rence sur les relations internationales (World Policy Conference) organis\u00e9e par l&rsquo;Institut fran\u00e7ais des relations internationales (Ifri).[&#8230;]<\/p>\n","protected":false},"excerpt":{"rendered":"<p>L&rsquo;ex-secr\u00e9taire g\u00e9n\u00e9ral de la Ligue arabe Amr Moussa, qui affiche ses ambitions pour la pr\u00e9sidence en Egypte, a estim\u00e9 vendredi \u00e0 Vienne qu&rsquo;\u00e0 la suite du \u00ab\u00a0printemps arabe\u00a0\u00bb, le changement<\/p>\n","protected":false},"author":1,"featured_media":0,"comment_status":"closed","ping_status":"open","sticky":false,"template":"","format":"standard","meta":{"footnotes":""},"categories":[4],"tags":[17],"class_list":["post-2788","post","type-post","status-publish","format-standard","hentry","category-press-review","tag-17"],"_links":{"self":[{"href":"https:\/\/www.worldpolicyconference.com\/fr\/wp-json\/wp\/v2\/posts\/2788","targetHints":{"allow":["GET"]}}],"collection":[{"href":"https:\/\/www.worldpolicyconference.com\/fr\/wp-json\/wp\/v2\/posts"}],"about":[{"href":"https:\/\/www.worldpolicyconference.com\/fr\/wp-json\/wp\/v2\/types\/post"}],"author":[{"embeddable":true,"href":"https:\/\/www.worldpolicyconference.com\/fr\/wp-json\/wp\/v2\/users\/1"}],"replies":[{"embeddable":true,"href":"https:\/\/www.worldpolicyconference.com\/fr\/wp-json\/wp\/v2\/comments?post=2788"}],"version-history":[{"count":0,"href":"https:\/\/www.worldpolicyconference.com\/fr\/wp-json\/wp\/v2\/posts\/2788\/revisions"}],"wp:attachment":[{"href":"https:\/\/www.worldpolicyconference.com\/fr\/wp-json\/wp\/v2\/media?parent=2788"}],"wp:term":[{"taxonomy":"category","embeddable":true,"href":"https:\/\/www.worldpolicyconference.com\/fr\/wp-json\/wp\/v2\/categories?post=2788"},{"taxonomy":"post_tag","embeddable":true,"href":"https:\/\/www.worldpolicyconference.com\/fr\/wp-json\/wp\/v2\/tags?post=2788"}],"curies":[{"name":"wp","href":"https:\/\/api.w.org\/{rel}","templated":true}]}}