{"id":2790,"date":"2011-12-11T00:00:00","date_gmt":"2011-12-10T23:00:00","guid":{"rendered":"http:\/\/www.worldpolicyconference.com\/la-chute-dassad-serait-une-benediction-estime-barak\/"},"modified":"2011-12-11T00:00:00","modified_gmt":"2011-12-10T23:00:00","slug":"la-chute-dassad-serait-une-benediction-estime-barak","status":"publish","type":"post","link":"https:\/\/www.worldpolicyconference.com\/fr\/la-chute-dassad-serait-une-benediction-estime-barak\/","title":{"rendered":"La chute d&rsquo;Assad serait une b\u00e9n\u00e9diction, estime Barak"},"content":{"rendered":"<p>La chute du pr\u00e9sident syrien Bachar al-Assad serait \u00ab\u00a0une b\u00e9n\u00e9diction\u00a0\u00bb pour le Proche-Orient et un coup port\u00e9 \u00e0 \u00ab\u00a0l&rsquo;axe Iran-Hezbollah\u00a0\u00bb, a d\u00e9clar\u00e9 dimanche le ministre isra\u00e9lien de la D\u00e9fense, Ehud Barak, cit\u00e9 par l&rsquo;agence de presse autrichienne APA.\u00a0\u00bbUne chute d&rsquo;Assad serait une b\u00e9n\u00e9diction pour le Proche-Orient\u00a0\u00bb, a dit M. Barak lors d&rsquo;une conf\u00e9rence \u00e0 Vienne, selon APA. [&#8230;]<\/p>\n","protected":false},"excerpt":{"rendered":"<p>La chute du pr\u00e9sident syrien Bachar al-Assad serait \u00ab\u00a0une b\u00e9n\u00e9diction\u00a0\u00bb pour le Proche-Orient et un coup port\u00e9 \u00e0 \u00ab\u00a0l&rsquo;axe Iran-Hezbollah\u00a0\u00bb, a d\u00e9clar\u00e9 dimanche le ministre isra\u00e9lien de la D\u00e9fense, Ehud<\/p>\n","protected":false},"author":1,"featured_media":0,"comment_status":"closed","ping_status":"open","sticky":false,"template":"","format":"standard","meta":{"footnotes":""},"categories":[4],"tags":[17],"class_list":["post-2790","post","type-post","status-publish","format-standard","hentry","category-press-review","tag-17"],"_links":{"self":[{"href":"https:\/\/www.worldpolicyconference.com\/fr\/wp-json\/wp\/v2\/posts\/2790","targetHints":{"allow":["GET"]}}],"collection":[{"href":"https:\/\/www.worldpolicyconference.com\/fr\/wp-json\/wp\/v2\/posts"}],"about":[{"href":"https:\/\/www.worldpolicyconference.com\/fr\/wp-json\/wp\/v2\/types\/post"}],"author":[{"embeddable":true,"href":"https:\/\/www.worldpolicyconference.com\/fr\/wp-json\/wp\/v2\/users\/1"}],"replies":[{"embeddable":true,"href":"https:\/\/www.worldpolicyconference.com\/fr\/wp-json\/wp\/v2\/comments?post=2790"}],"version-history":[{"count":0,"href":"https:\/\/www.worldpolicyconference.com\/fr\/wp-json\/wp\/v2\/posts\/2790\/revisions"}],"wp:attachment":[{"href":"https:\/\/www.worldpolicyconference.com\/fr\/wp-json\/wp\/v2\/media?parent=2790"}],"wp:term":[{"taxonomy":"category","embeddable":true,"href":"https:\/\/www.worldpolicyconference.com\/fr\/wp-json\/wp\/v2\/categories?post=2790"},{"taxonomy":"post_tag","embeddable":true,"href":"https:\/\/www.worldpolicyconference.com\/fr\/wp-json\/wp\/v2\/tags?post=2790"}],"curies":[{"name":"wp","href":"https:\/\/api.w.org\/{rel}","templated":true}]}}