{"id":2795,"date":"2011-12-11T00:00:00","date_gmt":"2011-12-10T23:00:00","guid":{"rendered":"http:\/\/www.worldpolicyconference.com\/patriarch-bartholomaios-beendete-osterreich-besuch\/"},"modified":"2011-12-11T00:00:00","modified_gmt":"2011-12-10T23:00:00","slug":"patriarch-bartholomaios-beendete-osterreich-besuch","status":"publish","type":"post","link":"https:\/\/www.worldpolicyconference.com\/fr\/patriarch-bartholomaios-beendete-osterreich-besuch\/","title":{"rendered":"Patriarch Bartholomaios beendete \u00f6sterreich-Besuch"},"content":{"rendered":"<p>Bei <strong>World Policy Conference<\/strong>\u00a0\u00bb in Wiener Hofburg hatte Ehrenoberhaupt der Weltorthodoxie an EUPolitiker appelliert, auch in der Krise nie spirituelle Wurzeln Europas zu vergessenWien, 11.12.11 (KAP) Mit einem gro\u00dfen Gottesdienst in der Wiener griechisch-orthodoxenDreifaltigkeitskathedrale hat am Sonntag der f\u00fcnft\u00e4gige \u00f6sterreichbesuch des Ehrenoberhaupts der Weltorthodoxie, Patriarch Bartholomaios I., geendet. Mit dem \u00f6kumenischen Patriarchen konzelebrierten u.a. die Metropoliten Emmanuel Adamakis (Paris) und Arsenios Kardamakis (Wien). [&#8230;]<\/p>\n","protected":false},"excerpt":{"rendered":"<p>Bei World Policy Conference\u00a0\u00bb in Wiener Hofburg hatte Ehrenoberhaupt der Weltorthodoxie an EUPolitiker appelliert, auch in der Krise nie spirituelle Wurzeln Europas zu vergessenWien, 11.12.11 (KAP) Mit einem gro\u00dfen Gottesdienst<\/p>\n","protected":false},"author":1,"featured_media":0,"comment_status":"closed","ping_status":"open","sticky":false,"template":"","format":"standard","meta":{"footnotes":""},"categories":[4],"tags":[17],"class_list":["post-2795","post","type-post","status-publish","format-standard","hentry","category-press-review","tag-17"],"_links":{"self":[{"href":"https:\/\/www.worldpolicyconference.com\/fr\/wp-json\/wp\/v2\/posts\/2795","targetHints":{"allow":["GET"]}}],"collection":[{"href":"https:\/\/www.worldpolicyconference.com\/fr\/wp-json\/wp\/v2\/posts"}],"about":[{"href":"https:\/\/www.worldpolicyconference.com\/fr\/wp-json\/wp\/v2\/types\/post"}],"author":[{"embeddable":true,"href":"https:\/\/www.worldpolicyconference.com\/fr\/wp-json\/wp\/v2\/users\/1"}],"replies":[{"embeddable":true,"href":"https:\/\/www.worldpolicyconference.com\/fr\/wp-json\/wp\/v2\/comments?post=2795"}],"version-history":[{"count":0,"href":"https:\/\/www.worldpolicyconference.com\/fr\/wp-json\/wp\/v2\/posts\/2795\/revisions"}],"wp:attachment":[{"href":"https:\/\/www.worldpolicyconference.com\/fr\/wp-json\/wp\/v2\/media?parent=2795"}],"wp:term":[{"taxonomy":"category","embeddable":true,"href":"https:\/\/www.worldpolicyconference.com\/fr\/wp-json\/wp\/v2\/categories?post=2795"},{"taxonomy":"post_tag","embeddable":true,"href":"https:\/\/www.worldpolicyconference.com\/fr\/wp-json\/wp\/v2\/tags?post=2795"}],"curies":[{"name":"wp","href":"https:\/\/api.w.org\/{rel}","templated":true}]}}