{"id":2799,"date":"2011-12-10T00:00:00","date_gmt":"2011-12-09T23:00:00","guid":{"rendered":"http:\/\/www.worldpolicyconference.com\/amr-moussa-israel-doit-changer-apres-le-printemps-arabe\/"},"modified":"2011-12-10T00:00:00","modified_gmt":"2011-12-09T23:00:00","slug":"amr-moussa-israel-doit-changer-apres-le-printemps-arabe","status":"publish","type":"post","link":"https:\/\/www.worldpolicyconference.com\/fr\/amr-moussa-israel-doit-changer-apres-le-printemps-arabe\/","title":{"rendered":"Amr Moussa : Isra\u00ebl doit changer, apr\u00e8s le printemps arabe"},"content":{"rendered":"<p>L&rsquo;ex-secr\u00e9taire g\u00e9n\u00e9ral de la Ligue arabe Amr Moussa, qui affiche ses ambitions pour la pr\u00e9sidence en Egypte, a estim\u00e9 aujourd&rsquo;hui \u00e0 Vienne qu&rsquo;\u00e0 la suite du printemps arabe\u00a0\u00bb, le changement devait toucher tous les pays de la r\u00e9gion, y compris Isra\u00ebl. \u00ab\u00a0Nous connaissons un changement historique et s\u00e9rieux\u00a0\u00bb, a d\u00e9clar\u00e9 Moussa lors d&rsquo;une conf\u00e9rence sur les relations internationales (World Policy Conference) organis\u00e9e par l&rsquo;Institut fran\u00e7ais des relations internationales (Ifri). A l&rsquo;image des transformations dans le monde arabe, \u00ab\u00a0le gouvernement d&rsquo;Isra\u00ebl doit aussi changer\u00a0\u00bb, a ajout\u00e9 cette figure de la classe politique \u00e9gyptienne.<\/p>\n","protected":false},"excerpt":{"rendered":"<p>L&rsquo;ex-secr\u00e9taire g\u00e9n\u00e9ral de la Ligue arabe Amr Moussa, qui affiche ses ambitions pour la pr\u00e9sidence en Egypte, a estim\u00e9 aujourd&rsquo;hui \u00e0 Vienne qu&rsquo;\u00e0 la suite du printemps arabe\u00a0\u00bb, le changement<\/p>\n","protected":false},"author":1,"featured_media":0,"comment_status":"closed","ping_status":"open","sticky":false,"template":"","format":"standard","meta":{"footnotes":""},"categories":[4],"tags":[17],"class_list":["post-2799","post","type-post","status-publish","format-standard","hentry","category-press-review","tag-17"],"_links":{"self":[{"href":"https:\/\/www.worldpolicyconference.com\/fr\/wp-json\/wp\/v2\/posts\/2799","targetHints":{"allow":["GET"]}}],"collection":[{"href":"https:\/\/www.worldpolicyconference.com\/fr\/wp-json\/wp\/v2\/posts"}],"about":[{"href":"https:\/\/www.worldpolicyconference.com\/fr\/wp-json\/wp\/v2\/types\/post"}],"author":[{"embeddable":true,"href":"https:\/\/www.worldpolicyconference.com\/fr\/wp-json\/wp\/v2\/users\/1"}],"replies":[{"embeddable":true,"href":"https:\/\/www.worldpolicyconference.com\/fr\/wp-json\/wp\/v2\/comments?post=2799"}],"version-history":[{"count":0,"href":"https:\/\/www.worldpolicyconference.com\/fr\/wp-json\/wp\/v2\/posts\/2799\/revisions"}],"wp:attachment":[{"href":"https:\/\/www.worldpolicyconference.com\/fr\/wp-json\/wp\/v2\/media?parent=2799"}],"wp:term":[{"taxonomy":"category","embeddable":true,"href":"https:\/\/www.worldpolicyconference.com\/fr\/wp-json\/wp\/v2\/categories?post=2799"},{"taxonomy":"post_tag","embeddable":true,"href":"https:\/\/www.worldpolicyconference.com\/fr\/wp-json\/wp\/v2\/tags?post=2799"}],"curies":[{"name":"wp","href":"https:\/\/api.w.org\/{rel}","templated":true}]}}