{"id":2817,"date":"2011-12-11T00:00:00","date_gmt":"2011-12-10T23:00:00","guid":{"rendered":"http:\/\/www.worldpolicyconference.com\/crise-de-leuro-nous-navons-pas-le-droit-a-lerreur\/"},"modified":"2011-12-11T00:00:00","modified_gmt":"2011-12-10T23:00:00","slug":"crise-de-leuro-nous-navons-pas-le-droit-a-lerreur","status":"publish","type":"post","link":"https:\/\/www.worldpolicyconference.com\/fr\/crise-de-leuro-nous-navons-pas-le-droit-a-lerreur\/","title":{"rendered":"Crise de l&rsquo;euro: Nous n&rsquo;avons pas le droit \u00e0 l&rsquo;erreur\u00a0\u00bb"},"content":{"rendered":"<p>Conseiller diplomatique de l&rsquo;Elys\u00e9e, Jean-David Levitte a \u00e9voqu\u00e9 le r\u00e9cent Conseil europ\u00e9en de Bruxelles, lors de la World Policy Conference, organis\u00e9e \u00e0 Vienne ce week-end.\u00a0 <\/strong>Au lendemain d&rsquo;un sommet europ\u00e9en \u00e0 haut risque, Jean-David Levitte, le sherpa du pr\u00e9sident de la R\u00e9publique a reconnu samedi lors de la World Policy conference, qui s&rsquo;est tenue \u00e0 Vienne, que la crise de l&rsquo;euro avait \u00ab\u00a0cr\u00e9\u00e9 beaucoup d&rsquo;angoisse \u00e0 travers le monde entier\u00a0\u00bb. D&rsquo;o\u00f9 son message rassurant en direction, tout particuli\u00e8rement, des march\u00e9s financiers : les 17 pays membres de la zone euro sont \u00ab\u00a0totalement d\u00e9termin\u00e9s \u00e0 surmonter la crise, accompagn\u00e9s par ceux qui souhaitent nous rejoindre\u00a0\u00bb.\u00a0[&#8230;]<\/p>\n","protected":false},"excerpt":{"rendered":"<p>Conseiller diplomatique de l&rsquo;Elys\u00e9e, Jean-David Levitte a \u00e9voqu\u00e9 le r\u00e9cent Conseil europ\u00e9en de Bruxelles, lors de la World Policy Conference, organis\u00e9e \u00e0 Vienne ce week-end.\u00a0 Au lendemain d&rsquo;un sommet europ\u00e9en<\/p>\n","protected":false},"author":1,"featured_media":0,"comment_status":"closed","ping_status":"open","sticky":false,"template":"","format":"standard","meta":{"footnotes":""},"categories":[4],"tags":[17],"class_list":["post-2817","post","type-post","status-publish","format-standard","hentry","category-press-review","tag-17"],"_links":{"self":[{"href":"https:\/\/www.worldpolicyconference.com\/fr\/wp-json\/wp\/v2\/posts\/2817","targetHints":{"allow":["GET"]}}],"collection":[{"href":"https:\/\/www.worldpolicyconference.com\/fr\/wp-json\/wp\/v2\/posts"}],"about":[{"href":"https:\/\/www.worldpolicyconference.com\/fr\/wp-json\/wp\/v2\/types\/post"}],"author":[{"embeddable":true,"href":"https:\/\/www.worldpolicyconference.com\/fr\/wp-json\/wp\/v2\/users\/1"}],"replies":[{"embeddable":true,"href":"https:\/\/www.worldpolicyconference.com\/fr\/wp-json\/wp\/v2\/comments?post=2817"}],"version-history":[{"count":0,"href":"https:\/\/www.worldpolicyconference.com\/fr\/wp-json\/wp\/v2\/posts\/2817\/revisions"}],"wp:attachment":[{"href":"https:\/\/www.worldpolicyconference.com\/fr\/wp-json\/wp\/v2\/media?parent=2817"}],"wp:term":[{"taxonomy":"category","embeddable":true,"href":"https:\/\/www.worldpolicyconference.com\/fr\/wp-json\/wp\/v2\/categories?post=2817"},{"taxonomy":"post_tag","embeddable":true,"href":"https:\/\/www.worldpolicyconference.com\/fr\/wp-json\/wp\/v2\/tags?post=2817"}],"curies":[{"name":"wp","href":"https:\/\/api.w.org\/{rel}","templated":true}]}}